{"id":32007,"date":"2021-04-02T00:00:39","date_gmt":"2021-04-02T03:00:39","guid":{"rendered":"https:\/\/vocesdebaires.com.ar\/?p=32007"},"modified":"2021-04-01T21:49:55","modified_gmt":"2021-04-02T00:49:55","slug":"parque-rivadavia-llega-la-feria-sabe-a-tierra","status":"publish","type":"post","link":"https:\/\/vocesdebaires.com.ar\/index.php\/2021\/04\/02\/parque-rivadavia-llega-la-feria-sabe-a-tierra\/","title":{"rendered":"Parque Rivadavia: Llega La feria \u00abSabe a Tierra\u00bb"},"content":{"rendered":"<p>La feria \u00abSabe la tierra\u00bb estar\u00e1 este viernes en su nueva ubicaci\u00f3n de Parque Rivadavia (Av. Rivadavia 4900) de 16 a 21 hs, el s\u00e1bado en Plaza Colombia (Isabel La Cat\u00f3lica y Pinz\u00f3n) de 17 a 22 hs, y el domingo en Plaza Irlanda (Alte. Segu\u00ed 900) de 8 a 14, y Parque Saavedra (Garc\u00eda del R\u00edo 3200) de 8 a 14 hs. El evento es con entrada libre y gratuita.<\/p>\n<p><strong>A tener en cuenta:<\/strong><br \/>\n<strong>Fechas confirmadas: 2, 3 y 4 de abril.<\/strong><br \/>\nUbicaci\u00f3n: Parque Rivadavia (viernes), Plaza Colombia (s\u00e1bado) y Plaza Irlanda, Parque Saavedra (domingo), Caballito, Barracas, Caballito y Saavedra, comunas 6, 5, 4, 6 y 3. Direcci\u00f3n: Av. Rivadavia 4900 (viernes), Isabel La Cat\u00f3lica y Pinz\u00f3n (s\u00e1bado) y Segu\u00ed 900, Garc\u00eda del R\u00edo 3200 (domingo). Horario: 16 a 21 (viernes); 17 a 22 (s\u00e1bado); 8 a 14 Plaza Irlanda y Parque Saavedra (domingo) Modalidad: A diferencia de ediciones anteriores, todos los productos que se encuentran en la feria son para llevar. Por el momento, la venta de \u00abcomida elaborada\u00bb est\u00e1 suspendida por el contexto de pandemia.<\/p>\n<p>Productos a la venta: Frutas y verduras agroecol\u00f3gicas, panificados y reposter\u00eda integral, frutos secos agroecol\u00f3gicos, quesos artesanales, huevos de campo, miel agroecol\u00f3gica, aceite de oliva, jugos y bebidas naturales, productos de almac\u00e9n saludable, comida macrobi\u00f3tica, vegana, sin tacc y saludable. Cosm\u00e9tica natural. Objetos de dise\u00f1o realizados con material reciclado como juguetes realizados con material de descarte, lapiceras ecol\u00f3gicas, l\u00e1pices plantables, porta celulares y vajilla de barro artesanal. Acceso: libre y gratuito.<\/p>\n<p><strong>M\u00e9todos de pago<\/strong>: En todos los puestos aceptan Mercado Pago y tarjetas de cr\u00e9dito y d\u00e9bito.<\/p>\n","protected":false},"excerpt":{"rendered":"<p>La feria \u00abSabe la tierra\u00bb estar\u00e1 este viernes en su nueva ubicaci\u00f3n de Parque Rivadavia (Av. Rivadavia 4900) de 16 a 21 hs, el s\u00e1bado en Plaza Colombia (Isabel La Cat\u00f3lica y Pinz\u00f3n) de 17 a 22 hs, y el domingo en Plaza Irlanda (Alte. Segu\u00ed 900) de 8 a 14, y Parque Saavedra (Garc\u00eda [&hellip;]<\/p>\n","protected":false},"author":3,"featured_media":32008,"comment_status":"open","ping_status":"open","sticky":false,"template":"","format":"standard","meta":{"_et_pb_use_builder":"","_et_pb_old_content":"","_et_gb_content_width":"","footnotes":""},"categories":[11,32,33],"tags":[],"class_list":["post-32007","post","type-post","status-publish","format-standard","has-post-thumbnail","hentry","category-ciudad","category-comunas","category-sociedad-y-cultura-2"],"_links":{"self":[{"href":"https:\/\/vocesdebaires.com.ar\/index.php\/wp-json\/wp\/v2\/posts\/32007"}],"collection":[{"href":"https:\/\/vocesdebaires.com.ar\/index.php\/wp-json\/wp\/v2\/posts"}],"about":[{"href":"https:\/\/vocesdebaires.com.ar\/index.php\/wp-json\/wp\/v2\/types\/post"}],"author":[{"embeddable":true,"href":"https:\/\/vocesdebaires.com.ar\/index.php\/wp-json\/wp\/v2\/users\/3"}],"replies":[{"embeddable":true,"href":"https:\/\/vocesdebaires.com.ar\/index.php\/wp-json\/wp\/v2\/comments?post=32007"}],"version-history":[{"count":1,"href":"https:\/\/vocesdebaires.com.ar\/index.php\/wp-json\/wp\/v2\/posts\/32007\/revisions"}],"predecessor-version":[{"id":32009,"href":"https:\/\/vocesdebaires.com.ar\/index.php\/wp-json\/wp\/v2\/posts\/32007\/revisions\/32009"}],"wp:featuredmedia":[{"embeddable":true,"href":"https:\/\/vocesdebaires.com.ar\/index.php\/wp-json\/wp\/v2\/media\/32008"}],"wp:attachment":[{"href":"https:\/\/vocesdebaires.com.ar\/index.php\/wp-json\/wp\/v2\/media?parent=32007"}],"wp:term":[{"taxonomy":"category","embeddable":true,"href":"https:\/\/vocesdebaires.com.ar\/index.php\/wp-json\/wp\/v2\/categories?post=32007"},{"taxonomy":"post_tag","embeddable":true,"href":"https:\/\/vocesdebaires.com.ar\/index.php\/wp-json\/wp\/v2\/tags?post=32007"}],"curies":[{"name":"wp","href":"https:\/\/api.w.org\/{rel}","templated":true}]}}