{"id":3201,"date":"2019-10-25T03:00:00","date_gmt":"2019-10-25T06:00:00","guid":{"rendered":"http:\/\/vocesdebaires.com.ar\/wordpress\/index.php\/2019\/10\/25\/ciudad-recupero-auto-con-pedido-de-secuestro\/"},"modified":"2021-02-03T04:38:56","modified_gmt":"2021-02-03T07:38:56","slug":"ciudad-recupero-auto-con-pedido-de-secuestro","status":"publish","type":"post","link":"https:\/\/vocesdebaires.com.ar\/index.php\/2019\/10\/25\/ciudad-recupero-auto-con-pedido-de-secuestro\/","title":{"rendered":"Ciudad recuper\u00f3 auto con pedido de secuestro"},"content":{"rendered":"<p>La Polic\u00eda de la Ciudad recuper\u00f3 en los \u00faltimos d\u00edas un veh\u00edculo que ten\u00eda pedido de secuestro, tras un procedimiento realizado en el barrio porte\u00f1o de La Boca.El pasado lunes por la tarde personal de la Divisi\u00f3n Grupo de Acci\u00f3n Motorizada de la Polic\u00eda de la Ciudad detuvo la marcha de un auto Fiat Uno gris con pedido de captura, en el cruce de California y Hernandarias. El veh\u00edculo fue recuperado a solicitud del Juzgado Nacional de Primera Instancia en lo Criminal N\u00b0 24, en el marco de una denuncia realizada en mayo de este a\u00f1o. El conductor de 46 a\u00f1os, al no poseer impedimentos de ning\u00fan tipo, se retir\u00f3 del lugar por sus propios medios.<\/p>\n","protected":false},"excerpt":{"rendered":"<p>La Polic\u00eda de la Ciudad recuper\u00f3 en los \u00faltimos d\u00edas un veh\u00edculo que ten\u00eda pedido de secuestro, tras un procedimiento realizado en el barrio porte\u00f1o de La Boca.El pasado lunes por la tarde personal de la Divisi\u00f3n Grupo de Acci\u00f3n Motorizada de la Polic\u00eda de la Ciudad detuvo la marcha de un auto Fiat Uno [&hellip;]<\/p>\n","protected":false},"author":1,"featured_media":3202,"comment_status":"open","ping_status":"open","sticky":false,"template":"","format":"standard","meta":{"_et_pb_use_builder":"","_et_pb_old_content":"","_et_gb_content_width":"","footnotes":""},"categories":[11,32],"tags":[],"class_list":["post-3201","post","type-post","status-publish","format-standard","has-post-thumbnail","hentry","category-ciudad","category-comunas"],"_links":{"self":[{"href":"https:\/\/vocesdebaires.com.ar\/index.php\/wp-json\/wp\/v2\/posts\/3201"}],"collection":[{"href":"https:\/\/vocesdebaires.com.ar\/index.php\/wp-json\/wp\/v2\/posts"}],"about":[{"href":"https:\/\/vocesdebaires.com.ar\/index.php\/wp-json\/wp\/v2\/types\/post"}],"author":[{"embeddable":true,"href":"https:\/\/vocesdebaires.com.ar\/index.php\/wp-json\/wp\/v2\/users\/1"}],"replies":[{"embeddable":true,"href":"https:\/\/vocesdebaires.com.ar\/index.php\/wp-json\/wp\/v2\/comments?post=3201"}],"version-history":[{"count":1,"href":"https:\/\/vocesdebaires.com.ar\/index.php\/wp-json\/wp\/v2\/posts\/3201\/revisions"}],"predecessor-version":[{"id":6120,"href":"https:\/\/vocesdebaires.com.ar\/index.php\/wp-json\/wp\/v2\/posts\/3201\/revisions\/6120"}],"wp:featuredmedia":[{"embeddable":true,"href":"https:\/\/vocesdebaires.com.ar\/index.php\/wp-json\/wp\/v2\/media\/3202"}],"wp:attachment":[{"href":"https:\/\/vocesdebaires.com.ar\/index.php\/wp-json\/wp\/v2\/media?parent=3201"}],"wp:term":[{"taxonomy":"category","embeddable":true,"href":"https:\/\/vocesdebaires.com.ar\/index.php\/wp-json\/wp\/v2\/categories?post=3201"},{"taxonomy":"post_tag","embeddable":true,"href":"https:\/\/vocesdebaires.com.ar\/index.php\/wp-json\/wp\/v2\/tags?post=3201"}],"curies":[{"name":"wp","href":"https:\/\/api.w.org\/{rel}","templated":true}]}}