{"id":32019,"date":"2021-04-02T00:00:53","date_gmt":"2021-04-02T03:00:53","guid":{"rendered":"https:\/\/vocesdebaires.com.ar\/?p=32019"},"modified":"2021-04-01T22:15:55","modified_gmt":"2021-04-02T01:15:55","slug":"oncesecuestraron-11-000-productos-de-perfumeria-y-accesorios-ilegales","status":"publish","type":"post","link":"https:\/\/vocesdebaires.com.ar\/index.php\/2021\/04\/02\/oncesecuestraron-11-000-productos-de-perfumeria-y-accesorios-ilegales\/","title":{"rendered":"Once:Secuestraron 11.000 productos de perfumer\u00eda y accesorios ilegales\u00a0"},"content":{"rendered":"<p>Las incautaciones y clausuras se realizaron tras inspeccionarse tres locales en Bartolom\u00e9 Mitre al 2700 hechas en forma conjunta por la Divisi\u00f3n de Defraudaciones y Estafas del Departamento Delitos Econ\u00f3micos de la Polic\u00eda de la Ciudad, Agencia de Protecci\u00f3n Ambiental (APrA), Agencia Gubernamental de Control, Direcci\u00f3n General de Fiscalizaci\u00f3n y Control (DGFyC), Protecci\u00f3n al Trabajo, y la Agencia Gubernamental de Ingresos P\u00fablicos (AGIP), coordinados por la Direcci\u00f3n General de Coordinaci\u00f3n Operativa dependiente de la Secretar\u00eda de Justicia y Seguridad de la Ciudad.<\/p>\n<p>Los procedimientos se efectuaron en el marco de una investigaci\u00f3n que lleva la a Fiscal\u00eda Penal Contravencional y de Faltas 35 a partir de denuncias sobre venta ilegal de productos. Personal de la Direcci\u00f3n General de Control y Fiscalizaci\u00f3n dispuso la clausura de un dep\u00f3sito por no tener habilitaci\u00f3n, en tanto APrA hizo lo propio con un local por la existencia de frascos inflamables y cables expuestos al alcance de la mano. En los tres locales con irregularidades se secuestr\u00f3 un total de 11.676 productos irregulares, en su mayor\u00eda perfumes y art\u00edculos de maquillaje y belleza, pero tambi\u00e9n gorras, mochilas, carteras, cargadores de celulares por marcas ap\u00f3crifas y no estar autorizados para la venta.<\/p>\n","protected":false},"excerpt":{"rendered":"<p>Las incautaciones y clausuras se realizaron tras inspeccionarse tres locales en Bartolom\u00e9 Mitre al 2700 hechas en forma conjunta por la Divisi\u00f3n de Defraudaciones y Estafas del Departamento Delitos Econ\u00f3micos de la Polic\u00eda de la Ciudad, Agencia de Protecci\u00f3n Ambiental (APrA), Agencia Gubernamental de Control, Direcci\u00f3n General de Fiscalizaci\u00f3n y Control (DGFyC), Protecci\u00f3n al Trabajo, [&hellip;]<\/p>\n","protected":false},"author":2,"featured_media":32020,"comment_status":"open","ping_status":"open","sticky":false,"template":"","format":"standard","meta":{"_et_pb_use_builder":"","_et_pb_old_content":"","_et_gb_content_width":"","footnotes":""},"categories":[32,33],"tags":[],"class_list":["post-32019","post","type-post","status-publish","format-standard","has-post-thumbnail","hentry","category-comunas","category-sociedad-y-cultura-2"],"_links":{"self":[{"href":"https:\/\/vocesdebaires.com.ar\/index.php\/wp-json\/wp\/v2\/posts\/32019"}],"collection":[{"href":"https:\/\/vocesdebaires.com.ar\/index.php\/wp-json\/wp\/v2\/posts"}],"about":[{"href":"https:\/\/vocesdebaires.com.ar\/index.php\/wp-json\/wp\/v2\/types\/post"}],"author":[{"embeddable":true,"href":"https:\/\/vocesdebaires.com.ar\/index.php\/wp-json\/wp\/v2\/users\/2"}],"replies":[{"embeddable":true,"href":"https:\/\/vocesdebaires.com.ar\/index.php\/wp-json\/wp\/v2\/comments?post=32019"}],"version-history":[{"count":1,"href":"https:\/\/vocesdebaires.com.ar\/index.php\/wp-json\/wp\/v2\/posts\/32019\/revisions"}],"predecessor-version":[{"id":32021,"href":"https:\/\/vocesdebaires.com.ar\/index.php\/wp-json\/wp\/v2\/posts\/32019\/revisions\/32021"}],"wp:featuredmedia":[{"embeddable":true,"href":"https:\/\/vocesdebaires.com.ar\/index.php\/wp-json\/wp\/v2\/media\/32020"}],"wp:attachment":[{"href":"https:\/\/vocesdebaires.com.ar\/index.php\/wp-json\/wp\/v2\/media?parent=32019"}],"wp:term":[{"taxonomy":"category","embeddable":true,"href":"https:\/\/vocesdebaires.com.ar\/index.php\/wp-json\/wp\/v2\/categories?post=32019"},{"taxonomy":"post_tag","embeddable":true,"href":"https:\/\/vocesdebaires.com.ar\/index.php\/wp-json\/wp\/v2\/tags?post=32019"}],"curies":[{"name":"wp","href":"https:\/\/api.w.org\/{rel}","templated":true}]}}