{"id":3203,"date":"2019-10-25T03:00:00","date_gmt":"2019-10-25T06:00:00","guid":{"rendered":"http:\/\/vocesdebaires.com.ar\/wordpress\/index.php\/2019\/10\/25\/san-cristobal-quemaron-casa-rodante-de-familia\/"},"modified":"2021-02-03T04:38:56","modified_gmt":"2021-02-03T07:38:56","slug":"san-cristobal-quemaron-casa-rodante-de-familia","status":"publish","type":"post","link":"https:\/\/vocesdebaires.com.ar\/index.php\/2019\/10\/25\/san-cristobal-quemaron-casa-rodante-de-familia\/","title":{"rendered":"San Crist\u00f3bal: Quemaron casa rodante de familia"},"content":{"rendered":"<p>Un matrimonio y sus seis hijos, que se encuentran en situaci\u00f3n de calle en el barrio de San Crist\u00f3bal, fueron v\u00edctimas de un ataque cuando desconocidos incendiaron la precaria casa rodante en la que viv\u00edan. El ataque fue cometido durante la madrugada del s\u00e1bado, cuando la familia escuch\u00f3 que la casa rodante era rociada con combustible. Gracias a eso lograron salir a tiempo. La familia que habita en la calle 24 de noviembre, entre las avenidas Garay y Pav\u00f3n, logr\u00f3 salir a tiempo del veh\u00edculo cuando avanzaban las llamas, que destruyeron las pocas cosas que ten\u00edan, entre ellos la ropa, los juguetes y los \u00fatiles de los ni\u00f1os, que estudian en una escuela que se encuentran justo enfrente.<\/p>\n<p>Alberto, el padre de familia damnificada explic\u00f3: Pas\u00f3 algo lamentable, es gente que roba a vecinos y a veces tenemos que salir en defensa de ellos. Viven ac\u00e1 en otra cuadra y pas\u00f3 que nos prendieron fuego, gracias a Dios que ahora estoy hablando con ustedes.\u00a0Rociaron con nafta, las llamas ten\u00edan como 8 o 10 metros. No tuvimos tiempo de nada, tenemos 6 hijos y yo lo que quiero es una soluci\u00f3n definitiva como familia. El d\u00eda anterior a prendernos fuego nos amenazaron, hicimos la denuncia y de casualidad nos dimos cuenta. Tenemos que dormir de d\u00eda por esta gente, agreg\u00f3. Los vecinos de la zona decidieron reunir donaciones para asistir al matrimonio y sus hijos, que tienen entre cinco y 12 a\u00f1os<\/p>\n","protected":false},"excerpt":{"rendered":"<p>Un matrimonio y sus seis hijos, que se encuentran en situaci\u00f3n de calle en el barrio de San Crist\u00f3bal, fueron v\u00edctimas de un ataque cuando desconocidos incendiaron la precaria casa rodante en la que viv\u00edan. El ataque fue cometido durante la madrugada del s\u00e1bado, cuando la familia escuch\u00f3 que la casa rodante era rociada con [&hellip;]<\/p>\n","protected":false},"author":1,"featured_media":3204,"comment_status":"open","ping_status":"open","sticky":false,"template":"","format":"standard","meta":{"_et_pb_use_builder":"","_et_pb_old_content":"","_et_gb_content_width":"","footnotes":""},"categories":[11,32],"tags":[],"class_list":["post-3203","post","type-post","status-publish","format-standard","has-post-thumbnail","hentry","category-ciudad","category-comunas"],"_links":{"self":[{"href":"https:\/\/vocesdebaires.com.ar\/index.php\/wp-json\/wp\/v2\/posts\/3203"}],"collection":[{"href":"https:\/\/vocesdebaires.com.ar\/index.php\/wp-json\/wp\/v2\/posts"}],"about":[{"href":"https:\/\/vocesdebaires.com.ar\/index.php\/wp-json\/wp\/v2\/types\/post"}],"author":[{"embeddable":true,"href":"https:\/\/vocesdebaires.com.ar\/index.php\/wp-json\/wp\/v2\/users\/1"}],"replies":[{"embeddable":true,"href":"https:\/\/vocesdebaires.com.ar\/index.php\/wp-json\/wp\/v2\/comments?post=3203"}],"version-history":[{"count":1,"href":"https:\/\/vocesdebaires.com.ar\/index.php\/wp-json\/wp\/v2\/posts\/3203\/revisions"}],"predecessor-version":[{"id":6121,"href":"https:\/\/vocesdebaires.com.ar\/index.php\/wp-json\/wp\/v2\/posts\/3203\/revisions\/6121"}],"wp:featuredmedia":[{"embeddable":true,"href":"https:\/\/vocesdebaires.com.ar\/index.php\/wp-json\/wp\/v2\/media\/3204"}],"wp:attachment":[{"href":"https:\/\/vocesdebaires.com.ar\/index.php\/wp-json\/wp\/v2\/media?parent=3203"}],"wp:term":[{"taxonomy":"category","embeddable":true,"href":"https:\/\/vocesdebaires.com.ar\/index.php\/wp-json\/wp\/v2\/categories?post=3203"},{"taxonomy":"post_tag","embeddable":true,"href":"https:\/\/vocesdebaires.com.ar\/index.php\/wp-json\/wp\/v2\/tags?post=3203"}],"curies":[{"name":"wp","href":"https:\/\/api.w.org\/{rel}","templated":true}]}}