{"id":32030,"date":"2021-04-05T00:00:28","date_gmt":"2021-04-05T03:00:28","guid":{"rendered":"https:\/\/vocesdebaires.com.ar\/?p=32030"},"modified":"2021-04-04T21:43:24","modified_gmt":"2021-04-05T00:43:24","slug":"desbarataron-fiesta-electronica-clandestina-con-95-personas","status":"publish","type":"post","link":"https:\/\/vocesdebaires.com.ar\/index.php\/2021\/04\/05\/desbarataron-fiesta-electronica-clandestina-con-95-personas\/","title":{"rendered":"Desbarataron fiesta electr\u00f3nica clandestina con 95 personas"},"content":{"rendered":"<p>La Polic\u00eda de la Ciudad desbarat\u00f3 anoche una nueva fiesta electr\u00f3nica clandestina en Constituci\u00f3n en la que participaban 95 personas, detuvo a su organizador y secuestr\u00f3 pastillas de \u00e9xtasis, marihuana y coca\u00edna. El hecho ocurri\u00f3 cuando efectivos de la Divisi\u00f3n Operaciones Especiales y de la Divisi\u00f3n Investigaciones delictivas, en conjunto con la Agencia de Protecci\u00f3n Ambiental y la Agencia Gubernamental de Control (AGC) se trasladaron hasta un domicilio ubicado en 15 de Noviembre al 1700.<\/p>\n<p>Dentro del lugar, los agentes hallaron 95 personas, una cabina de DJ, una barra de venta de bebidas alcoh\u00f3licas, agua y energizantes y tambi\u00e9n un guardarropa donde los presentes dejaban sus abrigos.<br \/>\nAsimismo, fueron secuestrados en el sal\u00f3n de baile 59 pastillas de \u00e9xtasis, cinco cigarrillos de marihuana, cuatro envoltorios con coca\u00edna y tres frascos de popper. En el caso intervino la Fiscal\u00eda de Fragancia en persona de la Dra. Mensano, que dispuso la detenci\u00f3n del organizador y el secuestro de las sustancias il\u00edcitas.<\/p>\n","protected":false},"excerpt":{"rendered":"<p>La Polic\u00eda de la Ciudad desbarat\u00f3 anoche una nueva fiesta electr\u00f3nica clandestina en Constituci\u00f3n en la que participaban 95 personas, detuvo a su organizador y secuestr\u00f3 pastillas de \u00e9xtasis, marihuana y coca\u00edna. El hecho ocurri\u00f3 cuando efectivos de la Divisi\u00f3n Operaciones Especiales y de la Divisi\u00f3n Investigaciones delictivas, en conjunto con la Agencia de Protecci\u00f3n [&hellip;]<\/p>\n","protected":false},"author":2,"featured_media":32031,"comment_status":"open","ping_status":"open","sticky":false,"template":"","format":"standard","meta":{"_et_pb_use_builder":"","_et_pb_old_content":"","_et_gb_content_width":"","footnotes":""},"categories":[11,32,33],"tags":[],"class_list":["post-32030","post","type-post","status-publish","format-standard","has-post-thumbnail","hentry","category-ciudad","category-comunas","category-sociedad-y-cultura-2"],"_links":{"self":[{"href":"https:\/\/vocesdebaires.com.ar\/index.php\/wp-json\/wp\/v2\/posts\/32030"}],"collection":[{"href":"https:\/\/vocesdebaires.com.ar\/index.php\/wp-json\/wp\/v2\/posts"}],"about":[{"href":"https:\/\/vocesdebaires.com.ar\/index.php\/wp-json\/wp\/v2\/types\/post"}],"author":[{"embeddable":true,"href":"https:\/\/vocesdebaires.com.ar\/index.php\/wp-json\/wp\/v2\/users\/2"}],"replies":[{"embeddable":true,"href":"https:\/\/vocesdebaires.com.ar\/index.php\/wp-json\/wp\/v2\/comments?post=32030"}],"version-history":[{"count":1,"href":"https:\/\/vocesdebaires.com.ar\/index.php\/wp-json\/wp\/v2\/posts\/32030\/revisions"}],"predecessor-version":[{"id":32032,"href":"https:\/\/vocesdebaires.com.ar\/index.php\/wp-json\/wp\/v2\/posts\/32030\/revisions\/32032"}],"wp:featuredmedia":[{"embeddable":true,"href":"https:\/\/vocesdebaires.com.ar\/index.php\/wp-json\/wp\/v2\/media\/32031"}],"wp:attachment":[{"href":"https:\/\/vocesdebaires.com.ar\/index.php\/wp-json\/wp\/v2\/media?parent=32030"}],"wp:term":[{"taxonomy":"category","embeddable":true,"href":"https:\/\/vocesdebaires.com.ar\/index.php\/wp-json\/wp\/v2\/categories?post=32030"},{"taxonomy":"post_tag","embeddable":true,"href":"https:\/\/vocesdebaires.com.ar\/index.php\/wp-json\/wp\/v2\/tags?post=32030"}],"curies":[{"name":"wp","href":"https:\/\/api.w.org\/{rel}","templated":true}]}}