{"id":32037,"date":"2021-04-05T00:00:40","date_gmt":"2021-04-05T03:00:40","guid":{"rendered":"https:\/\/vocesdebaires.com.ar\/?p=32037"},"modified":"2021-04-04T21:54:59","modified_gmt":"2021-04-05T00:54:59","slug":"palermo-hollywood-desbarataron-fiesta-clandestina-241-personas","status":"publish","type":"post","link":"https:\/\/vocesdebaires.com.ar\/index.php\/2021\/04\/05\/palermo-hollywood-desbarataron-fiesta-clandestina-241-personas\/","title":{"rendered":"Palermo Hollywood: Desbarataron fiesta clandestina 241 personas"},"content":{"rendered":"<p>La Polic\u00eda de la Ciudad desbarat\u00f3 en las \u00faltimas horas una fiesta clandestina con 241 personas que se estaba desarrollando en un bar ubicado en la zona de Palermo Hollywood. El hecho ocurri\u00f3 a la 1 de la madrugada cuando efectivos de la Divisi\u00f3n Operaciones Especiales Requeridas por el Ministerio P\u00fablico, en coordinaci\u00f3n con la Agencia Gubernamental de Control (AGC), realizaron una inspecci\u00f3n en un bar ubicado en Honduras al 5500.<\/p>\n<p>Cuando ingresaron los agentes observaron que se estaba desarrollando una fiesta con 241 personas, por lo que procedieron a desalojar el lugar y luego labraron su clausura por exceso de capacidad, por estar funcionando fuera de horario y por no tener habilitaci\u00f3n para local bailable. La AGC, en tanto, procedi\u00f3 al decomiso inmobiliario y a los elementos electr\u00f3nicos registrables, los cuales fueron cargados en dos camiones. En la causa intervino el Juzgado Criminal y Correccional N\u00ba6, a cargo de la Dra. Capucheti, Secretar\u00eda N\u00ba11 del Dr. Kahl, que dispuso la clausura del lugar e imputo al encargado del local y al organizador del evento, dos hombres de 37 y 43 a\u00f1os respectivamente.<\/p>\n","protected":false},"excerpt":{"rendered":"<p>La Polic\u00eda de la Ciudad desbarat\u00f3 en las \u00faltimas horas una fiesta clandestina con 241 personas que se estaba desarrollando en un bar ubicado en la zona de Palermo Hollywood. El hecho ocurri\u00f3 a la 1 de la madrugada cuando efectivos de la Divisi\u00f3n Operaciones Especiales Requeridas por el Ministerio P\u00fablico, en coordinaci\u00f3n con la [&hellip;]<\/p>\n","protected":false},"author":2,"featured_media":32038,"comment_status":"open","ping_status":"open","sticky":false,"template":"","format":"standard","meta":{"_et_pb_use_builder":"","_et_pb_old_content":"","_et_gb_content_width":"","footnotes":""},"categories":[11,32,33],"tags":[],"class_list":["post-32037","post","type-post","status-publish","format-standard","has-post-thumbnail","hentry","category-ciudad","category-comunas","category-sociedad-y-cultura-2"],"_links":{"self":[{"href":"https:\/\/vocesdebaires.com.ar\/index.php\/wp-json\/wp\/v2\/posts\/32037"}],"collection":[{"href":"https:\/\/vocesdebaires.com.ar\/index.php\/wp-json\/wp\/v2\/posts"}],"about":[{"href":"https:\/\/vocesdebaires.com.ar\/index.php\/wp-json\/wp\/v2\/types\/post"}],"author":[{"embeddable":true,"href":"https:\/\/vocesdebaires.com.ar\/index.php\/wp-json\/wp\/v2\/users\/2"}],"replies":[{"embeddable":true,"href":"https:\/\/vocesdebaires.com.ar\/index.php\/wp-json\/wp\/v2\/comments?post=32037"}],"version-history":[{"count":1,"href":"https:\/\/vocesdebaires.com.ar\/index.php\/wp-json\/wp\/v2\/posts\/32037\/revisions"}],"predecessor-version":[{"id":32039,"href":"https:\/\/vocesdebaires.com.ar\/index.php\/wp-json\/wp\/v2\/posts\/32037\/revisions\/32039"}],"wp:featuredmedia":[{"embeddable":true,"href":"https:\/\/vocesdebaires.com.ar\/index.php\/wp-json\/wp\/v2\/media\/32038"}],"wp:attachment":[{"href":"https:\/\/vocesdebaires.com.ar\/index.php\/wp-json\/wp\/v2\/media?parent=32037"}],"wp:term":[{"taxonomy":"category","embeddable":true,"href":"https:\/\/vocesdebaires.com.ar\/index.php\/wp-json\/wp\/v2\/categories?post=32037"},{"taxonomy":"post_tag","embeddable":true,"href":"https:\/\/vocesdebaires.com.ar\/index.php\/wp-json\/wp\/v2\/tags?post=32037"}],"curies":[{"name":"wp","href":"https:\/\/api.w.org\/{rel}","templated":true}]}}