{"id":32054,"date":"2021-04-06T00:00:43","date_gmt":"2021-04-06T03:00:43","guid":{"rendered":"https:\/\/vocesdebaires.com.ar\/?p=32054"},"modified":"2021-04-05T22:36:10","modified_gmt":"2021-04-06T01:36:10","slug":"caballitodetenidos-por-merodear-autos-con-un-inhibidor-de-senal","status":"publish","type":"post","link":"https:\/\/vocesdebaires.com.ar\/index.php\/2021\/04\/06\/caballitodetenidos-por-merodear-autos-con-un-inhibidor-de-senal\/","title":{"rendered":"Caballito:Detenidos por merodear autos con un inhibidor de se\u00f1al"},"content":{"rendered":"<p>La Polic\u00eda de la Ciudad detuvo en las \u00faltimas horas a tres personas de nacionalidad colombiana que merodeaban autos estacionados en el barrio de Caballito con un inhibidor y con intenci\u00f3n de cometer il\u00edcitos.<br \/>\nPersonal de la Divisi\u00f3n Sumarios y Brigadas de Prevenci\u00f3n de la Comuna 6 recorr\u00eda la zona y observ\u00f3 que tres personas se bajaron de un Renault Sandero en la avenida Rivadavia al 5400 y caminaban de forma sospechosa alrededor de autos estacionados.<\/p>\n<p>Al identificarlos en presencia de testigos, se corrobor\u00f3 que se trataba de una mujer de 28 a\u00f1os y dos hombres de 29 y 38, todos colombianos. Adem\u00e1s, se les encontr\u00f3 un inhibidor de se\u00f1al, utilizado para desactivar alarmas e ingresar a los veh\u00edculos y robar elementos de su interior.Al consultar con el Juzgado Nacional en lo Criminal y Correccional N\u00ba 44, Secretar\u00eda 115, se procedi\u00f3 a la detenci\u00f3n de los delincuentes y se les incaut\u00f3 el inhibidor, adem\u00e1s de los tres tel\u00e9fonos celulares que portaban y el rodado con el que circulaban.<\/p>\n","protected":false},"excerpt":{"rendered":"<p>La Polic\u00eda de la Ciudad detuvo en las \u00faltimas horas a tres personas de nacionalidad colombiana que merodeaban autos estacionados en el barrio de Caballito con un inhibidor y con intenci\u00f3n de cometer il\u00edcitos. Personal de la Divisi\u00f3n Sumarios y Brigadas de Prevenci\u00f3n de la Comuna 6 recorr\u00eda la zona y observ\u00f3 que tres personas [&hellip;]<\/p>\n","protected":false},"author":2,"featured_media":32055,"comment_status":"open","ping_status":"open","sticky":false,"template":"","format":"standard","meta":{"_et_pb_use_builder":"","_et_pb_old_content":"","_et_gb_content_width":"","footnotes":""},"categories":[11,32,33],"tags":[],"class_list":["post-32054","post","type-post","status-publish","format-standard","has-post-thumbnail","hentry","category-ciudad","category-comunas","category-sociedad-y-cultura-2"],"_links":{"self":[{"href":"https:\/\/vocesdebaires.com.ar\/index.php\/wp-json\/wp\/v2\/posts\/32054"}],"collection":[{"href":"https:\/\/vocesdebaires.com.ar\/index.php\/wp-json\/wp\/v2\/posts"}],"about":[{"href":"https:\/\/vocesdebaires.com.ar\/index.php\/wp-json\/wp\/v2\/types\/post"}],"author":[{"embeddable":true,"href":"https:\/\/vocesdebaires.com.ar\/index.php\/wp-json\/wp\/v2\/users\/2"}],"replies":[{"embeddable":true,"href":"https:\/\/vocesdebaires.com.ar\/index.php\/wp-json\/wp\/v2\/comments?post=32054"}],"version-history":[{"count":1,"href":"https:\/\/vocesdebaires.com.ar\/index.php\/wp-json\/wp\/v2\/posts\/32054\/revisions"}],"predecessor-version":[{"id":32056,"href":"https:\/\/vocesdebaires.com.ar\/index.php\/wp-json\/wp\/v2\/posts\/32054\/revisions\/32056"}],"wp:featuredmedia":[{"embeddable":true,"href":"https:\/\/vocesdebaires.com.ar\/index.php\/wp-json\/wp\/v2\/media\/32055"}],"wp:attachment":[{"href":"https:\/\/vocesdebaires.com.ar\/index.php\/wp-json\/wp\/v2\/media?parent=32054"}],"wp:term":[{"taxonomy":"category","embeddable":true,"href":"https:\/\/vocesdebaires.com.ar\/index.php\/wp-json\/wp\/v2\/categories?post=32054"},{"taxonomy":"post_tag","embeddable":true,"href":"https:\/\/vocesdebaires.com.ar\/index.php\/wp-json\/wp\/v2\/tags?post=32054"}],"curies":[{"name":"wp","href":"https:\/\/api.w.org\/{rel}","templated":true}]}}