{"id":32070,"date":"2021-04-07T00:00:43","date_gmt":"2021-04-07T03:00:43","guid":{"rendered":"https:\/\/vocesdebaires.com.ar\/?p=32070"},"modified":"2021-04-06T23:06:47","modified_gmt":"2021-04-07T02:06:47","slug":"allanamientodetenidosentre-ellos-la-jefa-de-la-banda-narco","status":"publish","type":"post","link":"https:\/\/vocesdebaires.com.ar\/index.php\/2021\/04\/07\/allanamientodetenidosentre-ellos-la-jefa-de-la-banda-narco\/","title":{"rendered":"Allanamiento:Detenidos,entre ellos la jefa de la banda narco\u00a0"},"content":{"rendered":"<p>En un procedimiento llevado adelante d\u00edas atr\u00e1s y ordenado por el Juzgado en lo Penal, Contravencional y de Faltas 23, a cargo del doctor Norberto Circo, se decomisaron 59 envoltorios con clorhidrato de coca\u00edna, listos para vender.La jefa de la banda y su hermana fueron condenadas a 3 a\u00f1os de prisi\u00f3n en suspenso, y hubo un tercer detenido de nacionalidad senegalesa que particip\u00f3 del enfrentamiento armado en el barrio que dio origen a la investigaci\u00f3n.<\/p>\n<p>Las tareas investigativas, a cargo de la Divisi\u00f3n Sumarios y Brigadas de la Comisar\u00eda Comunal 15 de la Polic\u00eda de la Ciudad, pudieron establecer a las personas que comerciaban los estupefacientes en el interior del barrio, centro de disputa entre facciones, que deriv\u00f3 en enfrentamientos con armas de fuego. Los oficiales constataron la existencia de un kiosco ubicado en el sector 1 del asentamiento desde donde se llevaba adelante el comercio, a cuyo frente estaba una mujer de nacionalidad peruana, de 40 a\u00f1os, l\u00edder de la llamada \u201cBanda de los Peruanos\u201d, que ten\u00eda elementos sat\u00e9lites para su distribuci\u00f3n, en su mayor\u00eda adictos.<\/p>\n<p>Con los datos acopiados, la Unidad Fiscal Especializada en la Investigaci\u00f3n de los Delitos Vinculados con Estupefacientes (UFEIDE), a cargo de la doctora Cecilia Martha Amil Mart\u00edn, solicit\u00f3 el allanamiento al juez, que hizo lugar a la solicitud. En el procedimiento al domicilio, los efectivos incautaron 59 bolsas de nylon conteniendo clorhidrato de coca\u00edna, 48 mil pesos, balanzas de precisi\u00f3n y elementos de corte y fraccionamiento para la droga.Durante el allanamiento fueron detenidas la jefa de la banda y su hermana, tambi\u00e9n de nacionalidad peruana, de 45 a\u00f1os, adem\u00e1s de un hombre senegal\u00e9s que era otro integrante de la organizaci\u00f3n il\u00edcita.<\/p>\n","protected":false},"excerpt":{"rendered":"<p>En un procedimiento llevado adelante d\u00edas atr\u00e1s y ordenado por el Juzgado en lo Penal, Contravencional y de Faltas 23, a cargo del doctor Norberto Circo, se decomisaron 59 envoltorios con clorhidrato de coca\u00edna, listos para vender.La jefa de la banda y su hermana fueron condenadas a 3 a\u00f1os de prisi\u00f3n en suspenso, y hubo [&hellip;]<\/p>\n","protected":false},"author":2,"featured_media":32071,"comment_status":"open","ping_status":"open","sticky":false,"template":"","format":"standard","meta":{"_et_pb_use_builder":"","_et_pb_old_content":"","_et_gb_content_width":"","footnotes":""},"categories":[11,32,33],"tags":[],"class_list":["post-32070","post","type-post","status-publish","format-standard","has-post-thumbnail","hentry","category-ciudad","category-comunas","category-sociedad-y-cultura-2"],"_links":{"self":[{"href":"https:\/\/vocesdebaires.com.ar\/index.php\/wp-json\/wp\/v2\/posts\/32070"}],"collection":[{"href":"https:\/\/vocesdebaires.com.ar\/index.php\/wp-json\/wp\/v2\/posts"}],"about":[{"href":"https:\/\/vocesdebaires.com.ar\/index.php\/wp-json\/wp\/v2\/types\/post"}],"author":[{"embeddable":true,"href":"https:\/\/vocesdebaires.com.ar\/index.php\/wp-json\/wp\/v2\/users\/2"}],"replies":[{"embeddable":true,"href":"https:\/\/vocesdebaires.com.ar\/index.php\/wp-json\/wp\/v2\/comments?post=32070"}],"version-history":[{"count":1,"href":"https:\/\/vocesdebaires.com.ar\/index.php\/wp-json\/wp\/v2\/posts\/32070\/revisions"}],"predecessor-version":[{"id":32072,"href":"https:\/\/vocesdebaires.com.ar\/index.php\/wp-json\/wp\/v2\/posts\/32070\/revisions\/32072"}],"wp:featuredmedia":[{"embeddable":true,"href":"https:\/\/vocesdebaires.com.ar\/index.php\/wp-json\/wp\/v2\/media\/32071"}],"wp:attachment":[{"href":"https:\/\/vocesdebaires.com.ar\/index.php\/wp-json\/wp\/v2\/media?parent=32070"}],"wp:term":[{"taxonomy":"category","embeddable":true,"href":"https:\/\/vocesdebaires.com.ar\/index.php\/wp-json\/wp\/v2\/categories?post=32070"},{"taxonomy":"post_tag","embeddable":true,"href":"https:\/\/vocesdebaires.com.ar\/index.php\/wp-json\/wp\/v2\/tags?post=32070"}],"curies":[{"name":"wp","href":"https:\/\/api.w.org\/{rel}","templated":true}]}}