{"id":32081,"date":"2021-04-07T00:00:15","date_gmt":"2021-04-07T03:00:15","guid":{"rendered":"https:\/\/vocesdebaires.com.ar\/?p=32081"},"modified":"2021-04-06T23:35:06","modified_gmt":"2021-04-07T02:35:06","slug":"chacarita-secuestraron-mas-de-30-mil-autopartes-ilegales","status":"publish","type":"post","link":"https:\/\/vocesdebaires.com.ar\/index.php\/2021\/04\/07\/chacarita-secuestraron-mas-de-30-mil-autopartes-ilegales\/","title":{"rendered":"Chacarita: Secuestraron m\u00e1s de 30 mil autopartes ilegales"},"content":{"rendered":"<p>Personal de la Divisi\u00f3n Sumarios y Brigadas de Prevenci\u00f3n de la Comisar\u00eda Comunal 15 de la Polic\u00eda de la Ciudad, que se encontraba realizando tareas de despliegue territorial en un veh\u00edculo sin identificaci\u00f3n, observ\u00f3 sobre la avenida Warnes al 1500 a personas que descargaban e ingresaban a un galp\u00f3n cajas y bloques de motor. Ante esa situaci\u00f3n, los oficiales procedieron a identificar a las personas y les solicitaron la habilitaci\u00f3n para ejercer la actividad de vender repuestos de veh\u00edculos y el certificado de autentificaci\u00f3n de los mismos.<\/p>\n<p>Al ingresar al galp\u00f3n, los polic\u00edas encontraron un gran n\u00famero de autopartes, en general cajas de velocidades, de diferentes marcas y modelos de rodados. Los efectivos se comunicaron con la Fiscal\u00eda de Primera Instancia en lo Penal, Contravencional y de Faltas N\u00famero 8, a cargo del doctor Vence, Secretar\u00eda del doctor Losada, y se orden\u00f3 la clausura del local por parte de la Agencia Gubernamental de Control (AGC) y el secuestro de todo el material ilegal.Fue as\u00ed que se incautaron m\u00e1s de 30 mil piezas, que fueron trasladadas para su compactaci\u00f3n. Adem\u00e1s, fueron imputadas tres personas, por infracci\u00f3n a la Ley de Autopartes (25.761): el propietario del galp\u00f3n, la encargada y un empleado.<\/p>\n","protected":false},"excerpt":{"rendered":"<p>Personal de la Divisi\u00f3n Sumarios y Brigadas de Prevenci\u00f3n de la Comisar\u00eda Comunal 15 de la Polic\u00eda de la Ciudad, que se encontraba realizando tareas de despliegue territorial en un veh\u00edculo sin identificaci\u00f3n, observ\u00f3 sobre la avenida Warnes al 1500 a personas que descargaban e ingresaban a un galp\u00f3n cajas y bloques de motor. Ante [&hellip;]<\/p>\n","protected":false},"author":3,"featured_media":32082,"comment_status":"open","ping_status":"open","sticky":false,"template":"","format":"standard","meta":{"_et_pb_use_builder":"","_et_pb_old_content":"","_et_gb_content_width":"","footnotes":""},"categories":[11,32,33],"tags":[],"class_list":["post-32081","post","type-post","status-publish","format-standard","has-post-thumbnail","hentry","category-ciudad","category-comunas","category-sociedad-y-cultura-2"],"_links":{"self":[{"href":"https:\/\/vocesdebaires.com.ar\/index.php\/wp-json\/wp\/v2\/posts\/32081"}],"collection":[{"href":"https:\/\/vocesdebaires.com.ar\/index.php\/wp-json\/wp\/v2\/posts"}],"about":[{"href":"https:\/\/vocesdebaires.com.ar\/index.php\/wp-json\/wp\/v2\/types\/post"}],"author":[{"embeddable":true,"href":"https:\/\/vocesdebaires.com.ar\/index.php\/wp-json\/wp\/v2\/users\/3"}],"replies":[{"embeddable":true,"href":"https:\/\/vocesdebaires.com.ar\/index.php\/wp-json\/wp\/v2\/comments?post=32081"}],"version-history":[{"count":1,"href":"https:\/\/vocesdebaires.com.ar\/index.php\/wp-json\/wp\/v2\/posts\/32081\/revisions"}],"predecessor-version":[{"id":32083,"href":"https:\/\/vocesdebaires.com.ar\/index.php\/wp-json\/wp\/v2\/posts\/32081\/revisions\/32083"}],"wp:featuredmedia":[{"embeddable":true,"href":"https:\/\/vocesdebaires.com.ar\/index.php\/wp-json\/wp\/v2\/media\/32082"}],"wp:attachment":[{"href":"https:\/\/vocesdebaires.com.ar\/index.php\/wp-json\/wp\/v2\/media?parent=32081"}],"wp:term":[{"taxonomy":"category","embeddable":true,"href":"https:\/\/vocesdebaires.com.ar\/index.php\/wp-json\/wp\/v2\/categories?post=32081"},{"taxonomy":"post_tag","embeddable":true,"href":"https:\/\/vocesdebaires.com.ar\/index.php\/wp-json\/wp\/v2\/tags?post=32081"}],"curies":[{"name":"wp","href":"https:\/\/api.w.org\/{rel}","templated":true}]}}