{"id":32097,"date":"2021-04-08T00:00:59","date_gmt":"2021-04-08T03:00:59","guid":{"rendered":"https:\/\/vocesdebaires.com.ar\/?p=32097"},"modified":"2021-04-07T22:59:48","modified_gmt":"2021-04-08T01:59:48","slug":"balvanera-miles-de-articulos-apocrifos-incautados","status":"publish","type":"post","link":"https:\/\/vocesdebaires.com.ar\/index.php\/2021\/04\/08\/balvanera-miles-de-articulos-apocrifos-incautados\/","title":{"rendered":"Balvanera: Miles de art\u00edculos ap\u00f3crifos incautados"},"content":{"rendered":"<p>Los procedimientos fueron realizados por la Divisi\u00f3n Delitos Contra la Salud de la Polic\u00eda de la Ciudad, junto a la Agencia Gubernamental de Control (AGC) y personal del Ministerio de Justicia y Seguridad de la Ciudad. Tras las investigaciones que comprobaron que en locales de las calles Bartolom\u00e9 Mitre al 2600 y Paso al 100 se comercializaban elementos ap\u00f3crifos, adem\u00e1s de ser algunos nocivos para la salud, se puso en conocimiento a la Fiscal\u00eda de Primera Instancia en lo Penal, Contravencional y de Faltas N\u00famero 35, a cargo de la doctora Celsa Ram\u00edrez y ante la Secretar\u00eda del doctor Facundo Bernabeu, que orden\u00f3 las inspecciones.En los cuatro lugares visitados, se hall\u00f3 una gran cantidad de bijouterie, cosm\u00e9ticos, mochilas y tapabocas con marcas falsificadas y sin sus respectivos controles de calidad.<\/p>\n<p>La mercader\u00eda ten\u00eda s\u00edmbolos de Tiffany, Bulgari, MAC, Gucci, Channel, Killie, Maybelline, Cartier, Nike, Nude y Puma. Se incautaron 55 bultos con m\u00e1s de 10.000 elementos ap\u00f3crifos. Al consultar con el magistrado actuante, se aval\u00f3 la inspecci\u00f3n, se incaut\u00f3 toda la mercader\u00eda y se imput\u00f3 por infracci\u00f3n a la Ley de Marcas a cuatro personas, encargadas de los locales: dos de nacionalidad china (27 y 45 a\u00f1os) y dos peruanos (40 y 49). Del operativo participaron tambi\u00e9n inspectores de AFIP, AGIP y del Ministerio de Trabajo de la Ciudad y personal de la Direcci\u00f3n General de Coordinaci\u00f3n Operativa dependiente de la Secretaria de Justicia y Seguridad.<\/p>\n","protected":false},"excerpt":{"rendered":"<p>Los procedimientos fueron realizados por la Divisi\u00f3n Delitos Contra la Salud de la Polic\u00eda de la Ciudad, junto a la Agencia Gubernamental de Control (AGC) y personal del Ministerio de Justicia y Seguridad de la Ciudad. Tras las investigaciones que comprobaron que en locales de las calles Bartolom\u00e9 Mitre al 2600 y Paso al 100 [&hellip;]<\/p>\n","protected":false},"author":3,"featured_media":32098,"comment_status":"open","ping_status":"open","sticky":false,"template":"","format":"standard","meta":{"_et_pb_use_builder":"","_et_pb_old_content":"","_et_gb_content_width":"","footnotes":""},"categories":[11,32,33],"tags":[],"class_list":["post-32097","post","type-post","status-publish","format-standard","has-post-thumbnail","hentry","category-ciudad","category-comunas","category-sociedad-y-cultura-2"],"_links":{"self":[{"href":"https:\/\/vocesdebaires.com.ar\/index.php\/wp-json\/wp\/v2\/posts\/32097"}],"collection":[{"href":"https:\/\/vocesdebaires.com.ar\/index.php\/wp-json\/wp\/v2\/posts"}],"about":[{"href":"https:\/\/vocesdebaires.com.ar\/index.php\/wp-json\/wp\/v2\/types\/post"}],"author":[{"embeddable":true,"href":"https:\/\/vocesdebaires.com.ar\/index.php\/wp-json\/wp\/v2\/users\/3"}],"replies":[{"embeddable":true,"href":"https:\/\/vocesdebaires.com.ar\/index.php\/wp-json\/wp\/v2\/comments?post=32097"}],"version-history":[{"count":1,"href":"https:\/\/vocesdebaires.com.ar\/index.php\/wp-json\/wp\/v2\/posts\/32097\/revisions"}],"predecessor-version":[{"id":32099,"href":"https:\/\/vocesdebaires.com.ar\/index.php\/wp-json\/wp\/v2\/posts\/32097\/revisions\/32099"}],"wp:featuredmedia":[{"embeddable":true,"href":"https:\/\/vocesdebaires.com.ar\/index.php\/wp-json\/wp\/v2\/media\/32098"}],"wp:attachment":[{"href":"https:\/\/vocesdebaires.com.ar\/index.php\/wp-json\/wp\/v2\/media?parent=32097"}],"wp:term":[{"taxonomy":"category","embeddable":true,"href":"https:\/\/vocesdebaires.com.ar\/index.php\/wp-json\/wp\/v2\/categories?post=32097"},{"taxonomy":"post_tag","embeddable":true,"href":"https:\/\/vocesdebaires.com.ar\/index.php\/wp-json\/wp\/v2\/tags?post=32097"}],"curies":[{"name":"wp","href":"https:\/\/api.w.org\/{rel}","templated":true}]}}