{"id":3213,"date":"2019-10-24T03:21:50","date_gmt":"2019-10-24T06:21:50","guid":{"rendered":"http:\/\/vocesdebaires.com.ar\/wordpress\/index.php\/2019\/10\/24\/comuna-1juntos-por-el-cambio-cerro-campana\/"},"modified":"2021-02-03T04:38:58","modified_gmt":"2021-02-03T07:38:58","slug":"comuna-1juntos-por-el-cambio-cerro-campana","status":"publish","type":"post","link":"https:\/\/vocesdebaires.com.ar\/index.php\/2019\/10\/24\/comuna-1juntos-por-el-cambio-cerro-campana\/","title":{"rendered":"Comuna 1:Juntos por el Cambio cerr\u00f3 campa\u00f1a"},"content":{"rendered":"<p>Ayer por la tarde, en las escalinatas del Paseo del Bajo, se llev\u00f3 a cabo el acto de cierre de campa\u00f1a de Juntos por el Cambio en la Comuna 1. Funcionarios, legisladores, militantes y vecinos acompa\u00f1aron al candidato a presidir la comuna, Lucas Portela. &quot;El domingo ser\u00e1 un d\u00eda muy importante para los vecinos de la Ciudad y para todos los argentinos. Juntos estamos transformando Buenos Aires y la Comuna 1 en particular. Lucas es un candidato joven que en los \u00faltimos 10 a\u00f1os comparti\u00f3 con nosotros este camino. Estamos seguros que con su capacidad y empuje es el indicado para llevar adelante lo que viene\u201d, declar\u00f3 Diego Santilli, Vicejefe de Gobierno.<\/p>\n<p>Luego tom\u00f3 la palabra Portela, quien antes de la foto en las escalinatas que unen Plaza de Mayo con Puerto Madero manifest\u00f3 que \u201celegimos este lugar porque es un s\u00edmbolo de lo que juntos podemos hacer. El Paseo del Bajo y todo este espacio verde ganado en pleno centro de la Ciudad parec\u00eda una utop\u00eda hace unos a\u00f1os\u201d. Tambi\u00e9n agreg\u00f3 que: \u201cCon Horacio, Diego y el equipo hoy esto es una realidad y queremos seguir haciendo de la Comuna 1 un lugar mejor para todos&quot;. En el acto tambi\u00e9n dijeron presente el Jefe de Gabinete de la Ciudad, Felipe Miguel, la ministra de Salud porte\u00f1a, Ana Bou P\u00e9rez, el Vicepresidente I de la Legislatura, Agust\u00edn Forchieri, el diputado nacional Fernando Iglesias, los legisladores Jos\u00e9 Luis Acevedo, Claudio Romero, Carolina Estebarena, Cristina Garc\u00eda, Roy Cortina, Paula Michielotto, entre otros.<\/p>\n","protected":false},"excerpt":{"rendered":"<p>Ayer por la tarde, en las escalinatas del Paseo del Bajo, se llev\u00f3 a cabo el acto de cierre de campa\u00f1a de Juntos por el Cambio en la Comuna 1. Funcionarios, legisladores, militantes y vecinos acompa\u00f1aron al candidato a presidir la comuna, Lucas Portela. &quot;El domingo ser\u00e1 un d\u00eda muy importante para los vecinos de [&hellip;]<\/p>\n","protected":false},"author":1,"featured_media":3214,"comment_status":"open","ping_status":"open","sticky":false,"template":"","format":"standard","meta":{"_et_pb_use_builder":"","_et_pb_old_content":"","_et_gb_content_width":"","footnotes":""},"categories":[11,32],"tags":[],"class_list":["post-3213","post","type-post","status-publish","format-standard","has-post-thumbnail","hentry","category-ciudad","category-comunas"],"_links":{"self":[{"href":"https:\/\/vocesdebaires.com.ar\/index.php\/wp-json\/wp\/v2\/posts\/3213"}],"collection":[{"href":"https:\/\/vocesdebaires.com.ar\/index.php\/wp-json\/wp\/v2\/posts"}],"about":[{"href":"https:\/\/vocesdebaires.com.ar\/index.php\/wp-json\/wp\/v2\/types\/post"}],"author":[{"embeddable":true,"href":"https:\/\/vocesdebaires.com.ar\/index.php\/wp-json\/wp\/v2\/users\/1"}],"replies":[{"embeddable":true,"href":"https:\/\/vocesdebaires.com.ar\/index.php\/wp-json\/wp\/v2\/comments?post=3213"}],"version-history":[{"count":1,"href":"https:\/\/vocesdebaires.com.ar\/index.php\/wp-json\/wp\/v2\/posts\/3213\/revisions"}],"predecessor-version":[{"id":6126,"href":"https:\/\/vocesdebaires.com.ar\/index.php\/wp-json\/wp\/v2\/posts\/3213\/revisions\/6126"}],"wp:featuredmedia":[{"embeddable":true,"href":"https:\/\/vocesdebaires.com.ar\/index.php\/wp-json\/wp\/v2\/media\/3214"}],"wp:attachment":[{"href":"https:\/\/vocesdebaires.com.ar\/index.php\/wp-json\/wp\/v2\/media?parent=3213"}],"wp:term":[{"taxonomy":"category","embeddable":true,"href":"https:\/\/vocesdebaires.com.ar\/index.php\/wp-json\/wp\/v2\/categories?post=3213"},{"taxonomy":"post_tag","embeddable":true,"href":"https:\/\/vocesdebaires.com.ar\/index.php\/wp-json\/wp\/v2\/tags?post=3213"}],"curies":[{"name":"wp","href":"https:\/\/api.w.org\/{rel}","templated":true}]}}