{"id":32137,"date":"2021-04-12T00:00:21","date_gmt":"2021-04-12T03:00:21","guid":{"rendered":"https:\/\/vocesdebaires.com.ar\/?p=32137"},"modified":"2021-04-11T22:58:27","modified_gmt":"2021-04-12T01:58:27","slug":"constituciontres-detenidos-con-gran-cantidad-de-joyas","status":"publish","type":"post","link":"https:\/\/vocesdebaires.com.ar\/index.php\/2021\/04\/12\/constituciontres-detenidos-con-gran-cantidad-de-joyas\/","title":{"rendered":"Constituci\u00f3n:Tres detenidos con gran cantidad de joyas\u00a0"},"content":{"rendered":"<p>La Polic\u00eda de la Ciudad detuvo a tres hombres, con antecedentes penales, con gran cantidad de joyas, relojes y una notebook, a bordo de un auto sin c\u00e9dula en Constituci\u00f3n. Efectivos de la divisi\u00f3n Capturas y B\u00fasqueda de Pr\u00f3fugos de la Polic\u00eda de la Ciudad, observaron en avenida Brasil al 1200 un Fiat Palio gris detenido con tres ocupantes. Cuando uno de los sospechosos advirti\u00f3 la presencia policial baj\u00f3 del auto y arroj\u00f3 algo a su interior a trav\u00e9s de la puerta trasera derecha, y se retir\u00f3 caminando apresuradamente.<\/p>\n<p>Ante esta actitud, los oficiales impartieron la voz de alto y procedieron a identificar a los tres sujetos, notando a simple vista que en el asiento trasero hab\u00eda una funda de notebook y una bolsa de tela, por lo que solicitaron la presencia de testigos para efectuar una requisa, hallando dentro de la funda una notebook con su cargador y cinco relojes usados de distintas marcas. En la bolsa de tela los polic\u00edas encontraron seis cadenas, siete anillos, dos cruces, 14 aros, un reloj sin malla y dos escudos con inscripciones de \u00abToledo Espa\u00f1a\u00bb y \u00abGranada\u00bb; todos estos elementos aparentemente de oro.<\/p>\n<p>Adem\u00e1s transportaban 24.000 pesos, y el conductor carec\u00eda de seguro y c\u00e9dula azul, exhibiendo en el acto el t\u00edtulo del rodado y un formulario 08 firmado en blanco. Tras consulta, el Juzgado Nacional en lo Criminal y Correccional N\u00famero 33, a cargo del doctor Dar\u00edo Bonanno, dispuso la detenci\u00f3n de los tres sospechosos, de 21, 31 y 33 a\u00f1os de edad, y que se investigue si hubo alg\u00fan hecho denunciado en relaci\u00f3n a los elementos secuestrados.<\/p>\n<p>Los tres detenidos cuentan con antecedentes penales por cometer il\u00edcitos. A uno de ellos se le otorg\u00f3 la libertad en 2017 y tiene causas por encubrimiento, en 2018, y por robo agravado por uso de arma de fuego, en 2013. Otro de los delincuentes posee causas por robo y tentativa de robo en 2018 y el restante fue procesado por tentativa de robo en 2020, mismo a\u00f1o que tambi\u00e9n tuvo un caso por robo.<\/p>\n","protected":false},"excerpt":{"rendered":"<p>La Polic\u00eda de la Ciudad detuvo a tres hombres, con antecedentes penales, con gran cantidad de joyas, relojes y una notebook, a bordo de un auto sin c\u00e9dula en Constituci\u00f3n. Efectivos de la divisi\u00f3n Capturas y B\u00fasqueda de Pr\u00f3fugos de la Polic\u00eda de la Ciudad, observaron en avenida Brasil al 1200 un Fiat Palio gris [&hellip;]<\/p>\n","protected":false},"author":2,"featured_media":32138,"comment_status":"open","ping_status":"open","sticky":false,"template":"","format":"standard","meta":{"_et_pb_use_builder":"","_et_pb_old_content":"","_et_gb_content_width":"","footnotes":""},"categories":[11,32,33],"tags":[],"class_list":["post-32137","post","type-post","status-publish","format-standard","has-post-thumbnail","hentry","category-ciudad","category-comunas","category-sociedad-y-cultura-2"],"_links":{"self":[{"href":"https:\/\/vocesdebaires.com.ar\/index.php\/wp-json\/wp\/v2\/posts\/32137"}],"collection":[{"href":"https:\/\/vocesdebaires.com.ar\/index.php\/wp-json\/wp\/v2\/posts"}],"about":[{"href":"https:\/\/vocesdebaires.com.ar\/index.php\/wp-json\/wp\/v2\/types\/post"}],"author":[{"embeddable":true,"href":"https:\/\/vocesdebaires.com.ar\/index.php\/wp-json\/wp\/v2\/users\/2"}],"replies":[{"embeddable":true,"href":"https:\/\/vocesdebaires.com.ar\/index.php\/wp-json\/wp\/v2\/comments?post=32137"}],"version-history":[{"count":1,"href":"https:\/\/vocesdebaires.com.ar\/index.php\/wp-json\/wp\/v2\/posts\/32137\/revisions"}],"predecessor-version":[{"id":32139,"href":"https:\/\/vocesdebaires.com.ar\/index.php\/wp-json\/wp\/v2\/posts\/32137\/revisions\/32139"}],"wp:featuredmedia":[{"embeddable":true,"href":"https:\/\/vocesdebaires.com.ar\/index.php\/wp-json\/wp\/v2\/media\/32138"}],"wp:attachment":[{"href":"https:\/\/vocesdebaires.com.ar\/index.php\/wp-json\/wp\/v2\/media?parent=32137"}],"wp:term":[{"taxonomy":"category","embeddable":true,"href":"https:\/\/vocesdebaires.com.ar\/index.php\/wp-json\/wp\/v2\/categories?post=32137"},{"taxonomy":"post_tag","embeddable":true,"href":"https:\/\/vocesdebaires.com.ar\/index.php\/wp-json\/wp\/v2\/tags?post=32137"}],"curies":[{"name":"wp","href":"https:\/\/api.w.org\/{rel}","templated":true}]}}