{"id":32158,"date":"2021-04-12T00:16:47","date_gmt":"2021-04-12T03:16:47","guid":{"rendered":"https:\/\/vocesdebaires.com.ar\/?p=32158"},"modified":"2021-04-12T00:16:47","modified_gmt":"2021-04-12T03:16:47","slug":"fallecio-mauro-viale-mauricio-goldfarb-zl","status":"publish","type":"post","link":"https:\/\/vocesdebaires.com.ar\/index.php\/2021\/04\/12\/fallecio-mauro-viale-mauricio-goldfarb-zl\/","title":{"rendered":"Falleci\u00f3 Mauro Viale (Mauricio Goldfarb Z\u00bbL)"},"content":{"rendered":"<p>El portal \u00abVocesdebaieres.com.ar\u00bb y el Programa radial \u00abDesaf\u00edos de la Actualidad\u00bb,lamenta profundamente y con mucha tristeza la partida de Mauricio Goldfarb Z\u00bbL, el reconocido periodista fue conocido por su seud\u00f3nimo Mauro Viale tenia 73 a\u00f1os naci\u00f3 el 28 de agosto 1947\u00a0 falleci\u00f3 ayer por la noche como consecuencia de un paro card\u00edaco, horas despu\u00e9s de haber sido internado por un cuadro de coronavirus en el sanatorio Los Arcos Seg\u00fan el diario La Naci\u00f3n, el reconocido hombre de los medios hab\u00eda presentado hoy una mejor\u00eda y lo trasladaron de terapia intermedia a sala com\u00fan. Desde ac\u00e1 enviamos un respetuoso saludos a su familia y amigos<\/p>\n","protected":false},"excerpt":{"rendered":"<p>El portal \u00abVocesdebaieres.com.ar\u00bb y el Programa radial \u00abDesaf\u00edos de la Actualidad\u00bb,lamenta profundamente y con mucha tristeza la partida de Mauricio Goldfarb Z\u00bbL, el reconocido periodista fue conocido por su seud\u00f3nimo Mauro Viale tenia 73 a\u00f1os naci\u00f3 el 28 de agosto 1947\u00a0 falleci\u00f3 ayer por la noche como consecuencia de un paro card\u00edaco, horas despu\u00e9s de [&hellip;]<\/p>\n","protected":false},"author":2,"featured_media":32159,"comment_status":"open","ping_status":"open","sticky":false,"template":"","format":"standard","meta":{"_et_pb_use_builder":"","_et_pb_old_content":"","_et_gb_content_width":"","footnotes":""},"categories":[33],"tags":[],"class_list":["post-32158","post","type-post","status-publish","format-standard","has-post-thumbnail","hentry","category-sociedad-y-cultura-2"],"_links":{"self":[{"href":"https:\/\/vocesdebaires.com.ar\/index.php\/wp-json\/wp\/v2\/posts\/32158"}],"collection":[{"href":"https:\/\/vocesdebaires.com.ar\/index.php\/wp-json\/wp\/v2\/posts"}],"about":[{"href":"https:\/\/vocesdebaires.com.ar\/index.php\/wp-json\/wp\/v2\/types\/post"}],"author":[{"embeddable":true,"href":"https:\/\/vocesdebaires.com.ar\/index.php\/wp-json\/wp\/v2\/users\/2"}],"replies":[{"embeddable":true,"href":"https:\/\/vocesdebaires.com.ar\/index.php\/wp-json\/wp\/v2\/comments?post=32158"}],"version-history":[{"count":1,"href":"https:\/\/vocesdebaires.com.ar\/index.php\/wp-json\/wp\/v2\/posts\/32158\/revisions"}],"predecessor-version":[{"id":32160,"href":"https:\/\/vocesdebaires.com.ar\/index.php\/wp-json\/wp\/v2\/posts\/32158\/revisions\/32160"}],"wp:featuredmedia":[{"embeddable":true,"href":"https:\/\/vocesdebaires.com.ar\/index.php\/wp-json\/wp\/v2\/media\/32159"}],"wp:attachment":[{"href":"https:\/\/vocesdebaires.com.ar\/index.php\/wp-json\/wp\/v2\/media?parent=32158"}],"wp:term":[{"taxonomy":"category","embeddable":true,"href":"https:\/\/vocesdebaires.com.ar\/index.php\/wp-json\/wp\/v2\/categories?post=32158"},{"taxonomy":"post_tag","embeddable":true,"href":"https:\/\/vocesdebaires.com.ar\/index.php\/wp-json\/wp\/v2\/tags?post=32158"}],"curies":[{"name":"wp","href":"https:\/\/api.w.org\/{rel}","templated":true}]}}