{"id":3217,"date":"2019-10-24T03:09:02","date_gmt":"2019-10-24T06:09:02","guid":{"rendered":"http:\/\/vocesdebaires.com.ar\/wordpress\/index.php\/2019\/10\/24\/detuvieron-hombre-que-incendiaba-autos\/"},"modified":"2021-02-03T04:38:59","modified_gmt":"2021-02-03T07:38:59","slug":"detuvieron-hombre-que-incendiaba-autos","status":"publish","type":"post","link":"https:\/\/vocesdebaires.com.ar\/index.php\/2019\/10\/24\/detuvieron-hombre-que-incendiaba-autos\/","title":{"rendered":"Detuvieron hombre que incendiaba autos"},"content":{"rendered":"<p>La Polic\u00eda de la Ciudad atrap\u00f3, en horas de la madrugada, a un hombre que, en un breve plazo de tiempo, incendi\u00f3 de manera intencional cuatro veh\u00edculos que se encontraban estacionados en el barrio de Villa Devoto. Luego de cometer los actos de vandalismo el pir\u00f3mano registraba con un tel\u00e9fono celular los incendios, los cuales pasaban a formar parte de un archivo f\u00edlmico personal. El primero de los fuegos fue detectado en el pasaje Lomas de Zamora al 2400. Tras un llamado de un vecino al 911 que denunciaba la existencia de un foco \u00edgneo detectado en dos rodados, uno marca Fiat 147 y el otro Volkswagen Caddy, se traslad\u00f3 al cuerpo de Bomberos de la Ciudad que arrib\u00f3 al lugar con una dotaci\u00f3n para realizar tareas de sofocaci\u00f3n.<\/p>\n<p>Mientras se realizaban dichas trabajos en el que los Bomberos de la Ciudad determinaron que se trat\u00f3 de un incendio provocado de manera intencional, se recibi\u00f3 otra denuncia sobre un segundo fuego provocado a pocas cuadras de all\u00ed. Ante esta situaci\u00f3n se traslad\u00f3 de forma inmediata personal de Bomberos y Polic\u00eda de la Ciudad hasta la calle Cervantes al 3000, y al llegar al lugar se encontraron con una camioneta Chevrolet Meriva en llamas y otro alcanzado en forma parcial por el fuego. Luego de entrevistarse con algunos vecinos, uno de ellos declar\u00f3 en forma an\u00f3nima, haber visto a una persona filmando con un celular el incendio y ante el sonido de las sirenas de los Bomberos de la Ciudad que se acercaban, sali\u00f3 huyendo del lugar.<\/p>\n<p>Con la descripci\u00f3n del sujeto aportada, se implement\u00f3, r\u00e1pidamente, un operativo rastrillaje con personal de Brigada de la comuna 11 y de las comisarias aleda\u00f1as de la Polic\u00eda de la Ciudad para dar con el autor de los incendios. Como resultado de dichas tareas, efectivos de la Comisar\u00eda Vecinal 10 B identificaron a un hombre en la intersecci\u00f3n del pasaje Leipzig y Desaguadero que presentaba caracter\u00edsticas similares a las aportadas por frecuencia radial. De forma inmediata, los uniformados procedieron a demorar al sujeto para identificarlo, quien de forma espont\u00e1nea se adjudic\u00f3 la autor\u00eda de los tres incendios, como as\u00ed tambi\u00e9n refiri\u00f3 poseer registros f\u00edlmicos de los mismos en su tel\u00e9fono celular. Al ser requisado ante la presencia de testigos fueron encontradas entre sus pertenencias una botella de alcohol, dos encendedores, un celular con su cargador y una mochila.<\/p>\n<p>Adem\u00e1s en su tel\u00e9fono se encontraban filmados todos los incendios cometidos esta madrugada y otras realizadas noches anteriores como el de una camioneta propiedad del Servicio Penitenciario Federal siniestrada frente a la c\u00e1rcel de Villa Devoto. Realizadas las consultas por sistema policial de antecedentes el operador destac\u00f3 que el imputado pose\u00eda una detenci\u00f3n por un hecho similar, registrada en junio del a\u00f1o pasado. Con los datos recabados se consult\u00f3 con la Fiscal\u00eda Penal Contravencional y de Faltas N\u00b0 22, a cargo de la Dra. Mariela De Minicis, que dio curso al tr\u00e1mite de flagrancia a la causa caratulada como &quot;Incendio y Otros Estragos&quot;. En tanto el detenido, mayor de edad, fue trasladado a dependencias de la Polic\u00eda de la Ciudad.<\/p>\n","protected":false},"excerpt":{"rendered":"<p>La Polic\u00eda de la Ciudad atrap\u00f3, en horas de la madrugada, a un hombre que, en un breve plazo de tiempo, incendi\u00f3 de manera intencional cuatro veh\u00edculos que se encontraban estacionados en el barrio de Villa Devoto. Luego de cometer los actos de vandalismo el pir\u00f3mano registraba con un tel\u00e9fono celular los incendios, los cuales [&hellip;]<\/p>\n","protected":false},"author":1,"featured_media":3218,"comment_status":"open","ping_status":"open","sticky":false,"template":"","format":"standard","meta":{"_et_pb_use_builder":"","_et_pb_old_content":"","_et_gb_content_width":"","footnotes":""},"categories":[11,32],"tags":[],"class_list":["post-3217","post","type-post","status-publish","format-standard","has-post-thumbnail","hentry","category-ciudad","category-comunas"],"_links":{"self":[{"href":"https:\/\/vocesdebaires.com.ar\/index.php\/wp-json\/wp\/v2\/posts\/3217"}],"collection":[{"href":"https:\/\/vocesdebaires.com.ar\/index.php\/wp-json\/wp\/v2\/posts"}],"about":[{"href":"https:\/\/vocesdebaires.com.ar\/index.php\/wp-json\/wp\/v2\/types\/post"}],"author":[{"embeddable":true,"href":"https:\/\/vocesdebaires.com.ar\/index.php\/wp-json\/wp\/v2\/users\/1"}],"replies":[{"embeddable":true,"href":"https:\/\/vocesdebaires.com.ar\/index.php\/wp-json\/wp\/v2\/comments?post=3217"}],"version-history":[{"count":1,"href":"https:\/\/vocesdebaires.com.ar\/index.php\/wp-json\/wp\/v2\/posts\/3217\/revisions"}],"predecessor-version":[{"id":6128,"href":"https:\/\/vocesdebaires.com.ar\/index.php\/wp-json\/wp\/v2\/posts\/3217\/revisions\/6128"}],"wp:featuredmedia":[{"embeddable":true,"href":"https:\/\/vocesdebaires.com.ar\/index.php\/wp-json\/wp\/v2\/media\/3218"}],"wp:attachment":[{"href":"https:\/\/vocesdebaires.com.ar\/index.php\/wp-json\/wp\/v2\/media?parent=3217"}],"wp:term":[{"taxonomy":"category","embeddable":true,"href":"https:\/\/vocesdebaires.com.ar\/index.php\/wp-json\/wp\/v2\/categories?post=3217"},{"taxonomy":"post_tag","embeddable":true,"href":"https:\/\/vocesdebaires.com.ar\/index.php\/wp-json\/wp\/v2\/tags?post=3217"}],"curies":[{"name":"wp","href":"https:\/\/api.w.org\/{rel}","templated":true}]}}