{"id":32184,"date":"2021-04-14T00:00:30","date_gmt":"2021-04-14T03:00:30","guid":{"rendered":"https:\/\/vocesdebaires.com.ar\/?p=32184"},"modified":"2021-04-13T22:31:30","modified_gmt":"2021-04-14T01:31:30","slug":"belgrano-desbarataron-un-prostibulo-y-detuvieron-a-los-responsables","status":"publish","type":"post","link":"https:\/\/vocesdebaires.com.ar\/index.php\/2021\/04\/14\/belgrano-desbarataron-un-prostibulo-y-detuvieron-a-los-responsables\/","title":{"rendered":"Belgrano: Desbarataron un prost\u00edbulo y detuvieron a los responsables\u00a0\u00a0"},"content":{"rendered":"<p>Despu\u00e9s de una investigaci\u00f3n de cuatro meses, la Polic\u00eda de la Ciudad detuvo en las \u00faltimas horas a una mujer de nacionalidad extranjera y a un hombre, responsable de un prost\u00edbulo que funcionaba en un edificio del barrio de Belgrano. Personal de la Divisi\u00f3n Delitos de Trata de la Polic\u00eda de la Ciudad, llev\u00f3 a cabo una minuciosa investigaci\u00f3n en el marco de una llamada an\u00f3nima recibida al 911, en la cual se denunciaba la existencia de un prost\u00edbulo en un edificio a plena luz del d\u00eda y en el contexto de pandemia del COVID-19.<\/p>\n<p>Avalados por la Justicia Federal, m\u00e1s precisamente por la Fiscal\u00eda de turno, los oficiales realizaron tareas investigativas con el objetivo de corroborar que la denuncia era fehaciente.<br \/>\nComo primera medida, se montaron discretas tareas de inteligencia pudiendo de esta manera visualizar a una mujer mayor de edad de nacionalidad extranjera que estaba a cargo de regentar a las mujeres que ofrec\u00edan servicios sexuales, un estimativo de entre 3 y 5 de ellas, aunque el n\u00famero fue cambiando a lo largo del procedimiento.<\/p>\n<p>Gracias a los trabajos realizados, se pudo identificar el domicilio de la mujer en inmediaciones del lugar donde se realizaba el il\u00edcito. Con los resultados obtenidos de la investigaci\u00f3n, el juzgado interventor orden\u00f3 el allanamiento del departamento y del domicilio de la imputada, donde se la detuvo al igual que a un hombre mayor de edad. Las autoridades secuestraron celulares, computadoras, recibos, cuadernos con anotaciones, contratos de alquiler y una c\u00e1mara IP a trav\u00e9s de la cual se controlaba la cantidad de clientes que arribaban a la vivienda.<\/p>\n<p>Cabe destacar que el edificio es habitado por familias, gente mayor y otros vecinos que se ve\u00edan afectados por la actividad que se estaba llevando a cabo, sobre todo teniendo en cuenta el marco de pandemia mundial en la que se vive en la actualidad. Los dos detenidos fueron trasladados a la comisar\u00eda correspondiente, donde quedaron alojados a la espera de las actuaciones judiciales de rigor. Se labraron actuaciones por \u201cpresunta infracci\u00f3n al art\u00edculo 145 Bis del C\u00f3digo Penal\u201d que penaliza a quien lleve a cabo cualquier situaci\u00f3n de explotaci\u00f3n, aunque cuente con el consentimiento de la v\u00edctima.<\/p>\n","protected":false},"excerpt":{"rendered":"<p>Despu\u00e9s de una investigaci\u00f3n de cuatro meses, la Polic\u00eda de la Ciudad detuvo en las \u00faltimas horas a una mujer de nacionalidad extranjera y a un hombre, responsable de un prost\u00edbulo que funcionaba en un edificio del barrio de Belgrano. Personal de la Divisi\u00f3n Delitos de Trata de la Polic\u00eda de la Ciudad, llev\u00f3 a [&hellip;]<\/p>\n","protected":false},"author":3,"featured_media":32185,"comment_status":"open","ping_status":"open","sticky":false,"template":"","format":"standard","meta":{"_et_pb_use_builder":"","_et_pb_old_content":"","_et_gb_content_width":"","footnotes":""},"categories":[32,33],"tags":[],"class_list":["post-32184","post","type-post","status-publish","format-standard","has-post-thumbnail","hentry","category-comunas","category-sociedad-y-cultura-2"],"_links":{"self":[{"href":"https:\/\/vocesdebaires.com.ar\/index.php\/wp-json\/wp\/v2\/posts\/32184"}],"collection":[{"href":"https:\/\/vocesdebaires.com.ar\/index.php\/wp-json\/wp\/v2\/posts"}],"about":[{"href":"https:\/\/vocesdebaires.com.ar\/index.php\/wp-json\/wp\/v2\/types\/post"}],"author":[{"embeddable":true,"href":"https:\/\/vocesdebaires.com.ar\/index.php\/wp-json\/wp\/v2\/users\/3"}],"replies":[{"embeddable":true,"href":"https:\/\/vocesdebaires.com.ar\/index.php\/wp-json\/wp\/v2\/comments?post=32184"}],"version-history":[{"count":1,"href":"https:\/\/vocesdebaires.com.ar\/index.php\/wp-json\/wp\/v2\/posts\/32184\/revisions"}],"predecessor-version":[{"id":32186,"href":"https:\/\/vocesdebaires.com.ar\/index.php\/wp-json\/wp\/v2\/posts\/32184\/revisions\/32186"}],"wp:featuredmedia":[{"embeddable":true,"href":"https:\/\/vocesdebaires.com.ar\/index.php\/wp-json\/wp\/v2\/media\/32185"}],"wp:attachment":[{"href":"https:\/\/vocesdebaires.com.ar\/index.php\/wp-json\/wp\/v2\/media?parent=32184"}],"wp:term":[{"taxonomy":"category","embeddable":true,"href":"https:\/\/vocesdebaires.com.ar\/index.php\/wp-json\/wp\/v2\/categories?post=32184"},{"taxonomy":"post_tag","embeddable":true,"href":"https:\/\/vocesdebaires.com.ar\/index.php\/wp-json\/wp\/v2\/tags?post=32184"}],"curies":[{"name":"wp","href":"https:\/\/api.w.org\/{rel}","templated":true}]}}