{"id":3223,"date":"2019-04-15T03:00:00","date_gmt":"2019-04-15T06:00:00","guid":{"rendered":"http:\/\/vocesdebaires.com.ar\/wordpress\/index.php\/2019\/04\/15\/vidal-estamos-peleando-contra-decadas-de-fracaso\/"},"modified":"2019-04-15T03:00:00","modified_gmt":"2019-04-15T06:00:00","slug":"vidal-estamos-peleando-contra-decadas-de-fracaso","status":"publish","type":"post","link":"https:\/\/vocesdebaires.com.ar\/index.php\/2019\/04\/15\/vidal-estamos-peleando-contra-decadas-de-fracaso\/","title":{"rendered":"Vidal: &quot;Estamos peleando contra d\u00e9cadas de fracaso&quot;"},"content":{"rendered":"<p>La gobernadora de la provincia de Buenos Aires, Mar\u00eda Eugenia Vidal, asever\u00f3 que &quot;estamos peleando contra muchas d\u00e9cadas de fracaso&quot;, pero destac\u00f3 que en Cambiemos &quot;somos un equipo al que le gusta lo dif\u00edcil. No nos achicamos, como no nos achicamos en 2015. Hoy, nuestro punto de partida es infinitamente mejor&quot;.Durante un almuerzo que junto al presidente Mauricio Macri comparti\u00f3 en la Quinta de Olivos con 130 dirigentes de Cambiemos de municipios bonaerenses donde no gobierna el oficialismo nacional, Vidal subray\u00f3 que &quot;nuestra convicci\u00f3n y nuestro compromiso de que estamos defendiendo lo que queremos defender, lo que creemos y desde el lugar que elegimos.<\/p>\n<p>Elegimos la incomodidad, la dificultad porque no quer\u00edamos ser m\u00e1s espectadores&quot; ni que &quot;la pol\u00edtica que siempre hab\u00eda gobernado, la que estuvo 28 a\u00f1os en la Provincia, eligiera por nosotros&quot;.&quot;Fue nuestra elecci\u00f3n, pod\u00edamos hacer una diferencia si no \u00e9ramos espectadores. Pero el liderazgo no es s\u00f3lo del Presidente o m\u00edo: es de ustedes, ustedes lo tienen. Vamos a convocar a cada argentino y a cada bonaerense porque la transformaci\u00f3n tiene que ser m\u00e1s profunda. Hay que dejar atr\u00e1s la idea de que va a venir una persona y todo va a cambiar: estamos peleando contra muchas d\u00e9cadas de fracaso, contra muchos que durante mucho tiempo fueron parte del sistema&quot;, prosigui\u00f3.<\/p>\n","protected":false},"excerpt":{"rendered":"<p>La gobernadora de la provincia de Buenos Aires, Mar\u00eda Eugenia Vidal, asever\u00f3 que &quot;estamos peleando contra muchas d\u00e9cadas de fracaso&quot;, pero destac\u00f3 que en Cambiemos &quot;somos un equipo al que le gusta lo dif\u00edcil. No nos achicamos, como no nos achicamos en 2015. Hoy, nuestro punto de partida es infinitamente mejor&quot;.Durante un almuerzo que junto [&hellip;]<\/p>\n","protected":false},"author":1,"featured_media":3224,"comment_status":"open","ping_status":"open","sticky":false,"template":"","format":"standard","meta":{"_et_pb_use_builder":"","_et_pb_old_content":"","_et_gb_content_width":"","footnotes":""},"categories":[35,13],"tags":[],"class_list":["post-3223","post","type-post","status-publish","format-standard","has-post-thumbnail","hentry","category-gobierno","category-provincia"],"_links":{"self":[{"href":"https:\/\/vocesdebaires.com.ar\/index.php\/wp-json\/wp\/v2\/posts\/3223"}],"collection":[{"href":"https:\/\/vocesdebaires.com.ar\/index.php\/wp-json\/wp\/v2\/posts"}],"about":[{"href":"https:\/\/vocesdebaires.com.ar\/index.php\/wp-json\/wp\/v2\/types\/post"}],"author":[{"embeddable":true,"href":"https:\/\/vocesdebaires.com.ar\/index.php\/wp-json\/wp\/v2\/users\/1"}],"replies":[{"embeddable":true,"href":"https:\/\/vocesdebaires.com.ar\/index.php\/wp-json\/wp\/v2\/comments?post=3223"}],"version-history":[{"count":0,"href":"https:\/\/vocesdebaires.com.ar\/index.php\/wp-json\/wp\/v2\/posts\/3223\/revisions"}],"wp:featuredmedia":[{"embeddable":true,"href":"https:\/\/vocesdebaires.com.ar\/index.php\/wp-json\/wp\/v2\/media\/3224"}],"wp:attachment":[{"href":"https:\/\/vocesdebaires.com.ar\/index.php\/wp-json\/wp\/v2\/media?parent=3223"}],"wp:term":[{"taxonomy":"category","embeddable":true,"href":"https:\/\/vocesdebaires.com.ar\/index.php\/wp-json\/wp\/v2\/categories?post=3223"},{"taxonomy":"post_tag","embeddable":true,"href":"https:\/\/vocesdebaires.com.ar\/index.php\/wp-json\/wp\/v2\/tags?post=3223"}],"curies":[{"name":"wp","href":"https:\/\/api.w.org\/{rel}","templated":true}]}}