{"id":32246,"date":"2021-04-19T00:00:54","date_gmt":"2021-04-19T03:00:54","guid":{"rendered":"https:\/\/vocesdebaires.com.ar\/?p=32246"},"modified":"2021-04-18T21:58:29","modified_gmt":"2021-04-19T00:58:29","slug":"zona-de-oncefueron-detenidos-tres-arrebatadores","status":"publish","type":"post","link":"https:\/\/vocesdebaires.com.ar\/index.php\/2021\/04\/19\/zona-de-oncefueron-detenidos-tres-arrebatadores\/","title":{"rendered":"Zona de Once:fueron detenidos tres arrebatadores"},"content":{"rendered":"<p>La v\u00edctima, que fue abordada mientras se detuvo con su auto en un sem\u00e1foro, recuper\u00f3 su tel\u00e9fono en cuesti\u00f3n de minutos. El hecho sucedi\u00f3 en las \u00faltimas horas, cuando personal de la Divisi\u00f3n Capturas y B\u00fasqueda de Pr\u00f3fugos de la Polic\u00eda de la Ciudad, que realizaba tareas preventivas en el barrio, observ\u00f3 el momento en el que tres j\u00f3venes intentaron abordar un taxi, situaci\u00f3n que fue evitada por el chofer que, con una maniobra, los esquiv\u00f3 abandonando el lugar r\u00e1pidamente. Ante esta situaci\u00f3n, los efectivos procedieron a requerir sus datos a los tres j\u00f3venes, resultando ser dos mayores y un menor, visiblemente nerviosos y esquivos a las preguntas por parte del personal policial.<\/p>\n<p>Convocados dos testigos para la requisa de sus pertenencias, los oficiales encontraron dentro de una mochila un tel\u00e9fono celular Iphone blanco, una remera de b\u00e1squet de la NBA de color bord\u00f3 con vivos amarillos, una campera negra, una gorra roja con visera gris y dinero. Mientras se realizaba el procedimiento, por modulaci\u00f3n policial, se tom\u00f3 conocimiento que en la calle Gallo al 100 una mujer que se movilizaba en un veh\u00edculo hab\u00eda denunciado que minutos antes, mientras se encontraba frenada por el sem\u00e1foro, fue v\u00edctima del arrebato de su tel\u00e9fono celular, Iphone 7 blanco, por parte de tres hombres que reun\u00edan las mismas caracter\u00edsticas f\u00edsicas y de vestimentas que los detenidos.<\/p>\n<p>Es por ello que tomando los recaudos pertinentes, se traslad\u00f3 a la damnificada hasta el lugar donde se encontraban los demorados, donde uno de ellos fue reconocido como la persona que le hab\u00eda arrebatado su tel\u00e9fono, a pesar que se hallaba con otra remera. Realizadas las consultas con el Juzgado de Menores N\u00famero 6, a cargo del doctor Carlos Federico Cociancich, se orden\u00f3 la detenci\u00f3n del menor de edad y su posterior traslado al Centro de Admisi\u00f3n y Derivaci\u00f3n (CAD), en tanto que los dos mayores fueron derivados a la Comisar\u00eda Vecinal 3 B de la Polic\u00eda de la Ciudad.\u00a0 Por su parte, tras la verificaci\u00f3n de la propiedad del mencionado tel\u00e9fono, fue devuelto el equipo a la damnificada por orden de la Justicia.<\/p>\n","protected":false},"excerpt":{"rendered":"<p>La v\u00edctima, que fue abordada mientras se detuvo con su auto en un sem\u00e1foro, recuper\u00f3 su tel\u00e9fono en cuesti\u00f3n de minutos. El hecho sucedi\u00f3 en las \u00faltimas horas, cuando personal de la Divisi\u00f3n Capturas y B\u00fasqueda de Pr\u00f3fugos de la Polic\u00eda de la Ciudad, que realizaba tareas preventivas en el barrio, observ\u00f3 el momento en [&hellip;]<\/p>\n","protected":false},"author":2,"featured_media":32247,"comment_status":"open","ping_status":"open","sticky":false,"template":"","format":"standard","meta":{"_et_pb_use_builder":"","_et_pb_old_content":"","_et_gb_content_width":"","footnotes":""},"categories":[32,33],"tags":[],"class_list":["post-32246","post","type-post","status-publish","format-standard","has-post-thumbnail","hentry","category-comunas","category-sociedad-y-cultura-2"],"_links":{"self":[{"href":"https:\/\/vocesdebaires.com.ar\/index.php\/wp-json\/wp\/v2\/posts\/32246"}],"collection":[{"href":"https:\/\/vocesdebaires.com.ar\/index.php\/wp-json\/wp\/v2\/posts"}],"about":[{"href":"https:\/\/vocesdebaires.com.ar\/index.php\/wp-json\/wp\/v2\/types\/post"}],"author":[{"embeddable":true,"href":"https:\/\/vocesdebaires.com.ar\/index.php\/wp-json\/wp\/v2\/users\/2"}],"replies":[{"embeddable":true,"href":"https:\/\/vocesdebaires.com.ar\/index.php\/wp-json\/wp\/v2\/comments?post=32246"}],"version-history":[{"count":1,"href":"https:\/\/vocesdebaires.com.ar\/index.php\/wp-json\/wp\/v2\/posts\/32246\/revisions"}],"predecessor-version":[{"id":32248,"href":"https:\/\/vocesdebaires.com.ar\/index.php\/wp-json\/wp\/v2\/posts\/32246\/revisions\/32248"}],"wp:featuredmedia":[{"embeddable":true,"href":"https:\/\/vocesdebaires.com.ar\/index.php\/wp-json\/wp\/v2\/media\/32247"}],"wp:attachment":[{"href":"https:\/\/vocesdebaires.com.ar\/index.php\/wp-json\/wp\/v2\/media?parent=32246"}],"wp:term":[{"taxonomy":"category","embeddable":true,"href":"https:\/\/vocesdebaires.com.ar\/index.php\/wp-json\/wp\/v2\/categories?post=32246"},{"taxonomy":"post_tag","embeddable":true,"href":"https:\/\/vocesdebaires.com.ar\/index.php\/wp-json\/wp\/v2\/tags?post=32246"}],"curies":[{"name":"wp","href":"https:\/\/api.w.org\/{rel}","templated":true}]}}