{"id":32260,"date":"2021-04-19T00:00:28","date_gmt":"2021-04-19T03:00:28","guid":{"rendered":"https:\/\/vocesdebaires.com.ar\/?p=32260"},"modified":"2021-04-18T22:16:21","modified_gmt":"2021-04-19T01:16:21","slug":"ciudaddesbaratan-fiesta-clandestina-en-la-carbonilla","status":"publish","type":"post","link":"https:\/\/vocesdebaires.com.ar\/index.php\/2021\/04\/19\/ciudaddesbaratan-fiesta-clandestina-en-la-carbonilla\/","title":{"rendered":"Ciudad:Desbaratan fiesta clandestina en La Carbonilla"},"content":{"rendered":"<p>La Polic\u00eda de la Ciudad desbarat\u00f3 una fiesta clandestina en el barrio La Carbonilla, de Paternal, donde fueron detenidos las once personas presentes, todas de nacionalidad peruana, entre ellas las propietaria de la casa y los m\u00fasicos de una banda, cuyos instrumentos fueron incautados. El hecho se registr\u00f3 a las 0.30 en una casa de tres pisos del sector 2 del barrio, con entrada por A\u00f1asco y \u00c1lvarez Jonte.<\/p>\n<p>Hasta all\u00ed fue personal de la Comisar\u00eda Vecinal 15 A de la Polic\u00eda de la Ciudad por m\u00fasica a alto volumen y fue atendido por la propietaria, admitiendo que hab\u00eda una fiesta con un grupo musical en vivo. Se trataba de una fiesta clandestina, violando las medidas ordenadas por Gobierno Nacional en cuanto a la prohibici\u00f3n de ese tipo de reuniones. El sal\u00f3n estaba preparado para una fiesta de cumplea\u00f1os, con parlantes, luces, y una barra preparada con bebidas alcoh\u00f3licas y una heladera exhibidora.<\/p>\n<p>Consultada la Fiscal\u00eda Penal, Contravencional y de Faltas a cargo del Dr. Norberto Alejandro Brotto, secretar\u00eda de la Dra. Thourte, dispuso la detenci\u00f3n de la propietaria, de todas las personas que se hallaban en el lugar, entre ellas los m\u00fasicos, siendo en total once detenidos, nueve hombres y dos mujeres, todos de nacionalidad peruana con edades entre 21 y 62 a\u00f1os, por desobediencia (art\u00edculo 239 del C\u00f3digo Penal). El magistrado tambi\u00e9n orden\u00f3 el secuestro de los instrumentos: dos guitarras el\u00e9ctricas, cinco timbales, un teclado, adem\u00e1s de cuatro amplificadores, siete parlantes y cuatro micr\u00f3fonos.<\/p>\n","protected":false},"excerpt":{"rendered":"<p>La Polic\u00eda de la Ciudad desbarat\u00f3 una fiesta clandestina en el barrio La Carbonilla, de Paternal, donde fueron detenidos las once personas presentes, todas de nacionalidad peruana, entre ellas las propietaria de la casa y los m\u00fasicos de una banda, cuyos instrumentos fueron incautados. El hecho se registr\u00f3 a las 0.30 en una casa de [&hellip;]<\/p>\n","protected":false},"author":3,"featured_media":32261,"comment_status":"open","ping_status":"open","sticky":false,"template":"","format":"standard","meta":{"_et_pb_use_builder":"","_et_pb_old_content":"","_et_gb_content_width":"","footnotes":""},"categories":[32,33],"tags":[],"class_list":["post-32260","post","type-post","status-publish","format-standard","has-post-thumbnail","hentry","category-comunas","category-sociedad-y-cultura-2"],"_links":{"self":[{"href":"https:\/\/vocesdebaires.com.ar\/index.php\/wp-json\/wp\/v2\/posts\/32260"}],"collection":[{"href":"https:\/\/vocesdebaires.com.ar\/index.php\/wp-json\/wp\/v2\/posts"}],"about":[{"href":"https:\/\/vocesdebaires.com.ar\/index.php\/wp-json\/wp\/v2\/types\/post"}],"author":[{"embeddable":true,"href":"https:\/\/vocesdebaires.com.ar\/index.php\/wp-json\/wp\/v2\/users\/3"}],"replies":[{"embeddable":true,"href":"https:\/\/vocesdebaires.com.ar\/index.php\/wp-json\/wp\/v2\/comments?post=32260"}],"version-history":[{"count":1,"href":"https:\/\/vocesdebaires.com.ar\/index.php\/wp-json\/wp\/v2\/posts\/32260\/revisions"}],"predecessor-version":[{"id":32262,"href":"https:\/\/vocesdebaires.com.ar\/index.php\/wp-json\/wp\/v2\/posts\/32260\/revisions\/32262"}],"wp:featuredmedia":[{"embeddable":true,"href":"https:\/\/vocesdebaires.com.ar\/index.php\/wp-json\/wp\/v2\/media\/32261"}],"wp:attachment":[{"href":"https:\/\/vocesdebaires.com.ar\/index.php\/wp-json\/wp\/v2\/media?parent=32260"}],"wp:term":[{"taxonomy":"category","embeddable":true,"href":"https:\/\/vocesdebaires.com.ar\/index.php\/wp-json\/wp\/v2\/categories?post=32260"},{"taxonomy":"post_tag","embeddable":true,"href":"https:\/\/vocesdebaires.com.ar\/index.php\/wp-json\/wp\/v2\/tags?post=32260"}],"curies":[{"name":"wp","href":"https:\/\/api.w.org\/{rel}","templated":true}]}}