{"id":32277,"date":"2021-04-20T00:14:19","date_gmt":"2021-04-20T03:14:19","guid":{"rendered":"https:\/\/vocesdebaires.com.ar\/?p=32277"},"modified":"2021-04-20T00:14:19","modified_gmt":"2021-04-20T03:14:19","slug":"almagrodetienen-a-motochorro-que-asalto-una-farmacia","status":"publish","type":"post","link":"https:\/\/vocesdebaires.com.ar\/index.php\/2021\/04\/20\/almagrodetienen-a-motochorro-que-asalto-una-farmacia\/","title":{"rendered":"Almagro:Detienen a motochorro que asalt\u00f3 una farmacia"},"content":{"rendered":"<p>La Polic\u00eda de la Ciudad detuvo en Caballito a un motochorro que hab\u00eda robado a mano armada a clientes de una farmacia en Almagro. Oficiales de motorizada la Comisar\u00eda Comunal 6 de la Polic\u00eda de la Ciudad recorr\u00edan la jurisdicci\u00f3n, cuando observaron sobre la avenida Gaona al 1200 a dos personas que iban en una moto cruzando sem\u00e1foros en rojo. Los polic\u00edas se acercaron al motoveh\u00edculo haciendo se\u00f1ales sonoras y lum\u00ednicas para que se detuviera en la esquina de dicha avenida y la calle Cucha Cucha, donde sus tripulantes intentaron escapar a la carrera, siendo uno de ellos detenido y requisado frente a testigos. .<\/p>\n<p>Como resultado del procedimiento policial fue encontrada entre las prendas del delincuente una pistola Pietro Beretta, que luego se confirm\u00f3 que fue utilizada para robar a varias personas en una farmacia ubicada sobre la avenida Diaz V\u00e9lez al 4500. Adem\u00e1s, fueron secuestrados seis tel\u00e9fonos celulares, dos morrales, dinero en efectivo y una cadenita de oro. Una vez que tom\u00f3 conocimiento del hecho, el Juzgado Nacional Criminal y Correccional 60 del Dr. Luis Alberto Schelgel, secretar\u00eda 60 del Dr. Schabas Madue\u00f1o, orden\u00f3 el secuestro de la moto y de todos los elementos de valor encontrados, y el traslado del delincuente hasta la alcaid\u00eda m\u00e1s cercana de la Polic\u00eda de la Ciudad.<\/p>\n","protected":false},"excerpt":{"rendered":"<p>La Polic\u00eda de la Ciudad detuvo en Caballito a un motochorro que hab\u00eda robado a mano armada a clientes de una farmacia en Almagro. Oficiales de motorizada la Comisar\u00eda Comunal 6 de la Polic\u00eda de la Ciudad recorr\u00edan la jurisdicci\u00f3n, cuando observaron sobre la avenida Gaona al 1200 a dos personas que iban en una [&hellip;]<\/p>\n","protected":false},"author":2,"featured_media":32278,"comment_status":"open","ping_status":"open","sticky":false,"template":"","format":"standard","meta":{"_et_pb_use_builder":"","_et_pb_old_content":"","_et_gb_content_width":"","footnotes":""},"categories":[32,33],"tags":[],"class_list":["post-32277","post","type-post","status-publish","format-standard","has-post-thumbnail","hentry","category-comunas","category-sociedad-y-cultura-2"],"_links":{"self":[{"href":"https:\/\/vocesdebaires.com.ar\/index.php\/wp-json\/wp\/v2\/posts\/32277"}],"collection":[{"href":"https:\/\/vocesdebaires.com.ar\/index.php\/wp-json\/wp\/v2\/posts"}],"about":[{"href":"https:\/\/vocesdebaires.com.ar\/index.php\/wp-json\/wp\/v2\/types\/post"}],"author":[{"embeddable":true,"href":"https:\/\/vocesdebaires.com.ar\/index.php\/wp-json\/wp\/v2\/users\/2"}],"replies":[{"embeddable":true,"href":"https:\/\/vocesdebaires.com.ar\/index.php\/wp-json\/wp\/v2\/comments?post=32277"}],"version-history":[{"count":1,"href":"https:\/\/vocesdebaires.com.ar\/index.php\/wp-json\/wp\/v2\/posts\/32277\/revisions"}],"predecessor-version":[{"id":32279,"href":"https:\/\/vocesdebaires.com.ar\/index.php\/wp-json\/wp\/v2\/posts\/32277\/revisions\/32279"}],"wp:featuredmedia":[{"embeddable":true,"href":"https:\/\/vocesdebaires.com.ar\/index.php\/wp-json\/wp\/v2\/media\/32278"}],"wp:attachment":[{"href":"https:\/\/vocesdebaires.com.ar\/index.php\/wp-json\/wp\/v2\/media?parent=32277"}],"wp:term":[{"taxonomy":"category","embeddable":true,"href":"https:\/\/vocesdebaires.com.ar\/index.php\/wp-json\/wp\/v2\/categories?post=32277"},{"taxonomy":"post_tag","embeddable":true,"href":"https:\/\/vocesdebaires.com.ar\/index.php\/wp-json\/wp\/v2\/tags?post=32277"}],"curies":[{"name":"wp","href":"https:\/\/api.w.org\/{rel}","templated":true}]}}