{"id":32284,"date":"2021-04-21T00:01:12","date_gmt":"2021-04-21T03:01:12","guid":{"rendered":"https:\/\/vocesdebaires.com.ar\/?p=32284"},"modified":"2021-04-21T00:01:12","modified_gmt":"2021-04-21T03:01:12","slug":"parque-chacabuco-dos-robacoches-fueron-detenidos","status":"publish","type":"post","link":"https:\/\/vocesdebaires.com.ar\/index.php\/2021\/04\/21\/parque-chacabuco-dos-robacoches-fueron-detenidos\/","title":{"rendered":"Parque Chacabuco: Dos robacoches fueron detenidos"},"content":{"rendered":"<p>La Polic\u00eda de la Ciudad detuvo en las \u00faltimas horas a dos delincuentes de nacionalidad colombiana que intentaron robar un auto que estaba estacionado en la v\u00eda p\u00fablica en el barrio de Parque Chacabuco. Personal de la Divisi\u00f3n Sumarios y Brigadas de Prevenci\u00f3n de la Comuna 6 de la Polic\u00eda de la Ciudad que realizaba tareas de despliegue territorial principalmente en lo que respecta a robo de automotores, observ\u00f3 en la calle Centenera al 1100 a dos hombres que intentaban violentar la puerta de un Toyota Etios.<\/p>\n<p>De inmediato, los oficiales se acercaron a los sospechosos, que al percatarse de la presencia de los polic\u00edas intentaron darse a la fuga a pie siendo alcanzados a escasos metros.<br \/>\nEl Juzgado Criminal y Correccional N\u00famero 40, a cargo de la doctora Gonz\u00e1lez y ante la Secretar\u00eda N\u00famero 139 del doctor Desimoni, orden\u00f3 el traslado de los imputados a la Alcaid\u00eda de la Comuna 6 de la Polic\u00eda de la Ciudad, donde quedaron alojados a la espera de las actuaciones judiciales de rigor. A su vez, solicit\u00f3 el secuestro del autom\u00f3vil y de los celulares de los delincuentes. Se labraron actuaciones por \u201cTentativa de Hurto\u201d.<\/p>\n","protected":false},"excerpt":{"rendered":"<p>La Polic\u00eda de la Ciudad detuvo en las \u00faltimas horas a dos delincuentes de nacionalidad colombiana que intentaron robar un auto que estaba estacionado en la v\u00eda p\u00fablica en el barrio de Parque Chacabuco. Personal de la Divisi\u00f3n Sumarios y Brigadas de Prevenci\u00f3n de la Comuna 6 de la Polic\u00eda de la Ciudad que realizaba [&hellip;]<\/p>\n","protected":false},"author":2,"featured_media":32285,"comment_status":"open","ping_status":"open","sticky":false,"template":"","format":"standard","meta":{"_et_pb_use_builder":"","_et_pb_old_content":"","_et_gb_content_width":"","footnotes":""},"categories":[11,32],"tags":[],"class_list":["post-32284","post","type-post","status-publish","format-standard","has-post-thumbnail","hentry","category-ciudad","category-comunas"],"_links":{"self":[{"href":"https:\/\/vocesdebaires.com.ar\/index.php\/wp-json\/wp\/v2\/posts\/32284"}],"collection":[{"href":"https:\/\/vocesdebaires.com.ar\/index.php\/wp-json\/wp\/v2\/posts"}],"about":[{"href":"https:\/\/vocesdebaires.com.ar\/index.php\/wp-json\/wp\/v2\/types\/post"}],"author":[{"embeddable":true,"href":"https:\/\/vocesdebaires.com.ar\/index.php\/wp-json\/wp\/v2\/users\/2"}],"replies":[{"embeddable":true,"href":"https:\/\/vocesdebaires.com.ar\/index.php\/wp-json\/wp\/v2\/comments?post=32284"}],"version-history":[{"count":1,"href":"https:\/\/vocesdebaires.com.ar\/index.php\/wp-json\/wp\/v2\/posts\/32284\/revisions"}],"predecessor-version":[{"id":32286,"href":"https:\/\/vocesdebaires.com.ar\/index.php\/wp-json\/wp\/v2\/posts\/32284\/revisions\/32286"}],"wp:featuredmedia":[{"embeddable":true,"href":"https:\/\/vocesdebaires.com.ar\/index.php\/wp-json\/wp\/v2\/media\/32285"}],"wp:attachment":[{"href":"https:\/\/vocesdebaires.com.ar\/index.php\/wp-json\/wp\/v2\/media?parent=32284"}],"wp:term":[{"taxonomy":"category","embeddable":true,"href":"https:\/\/vocesdebaires.com.ar\/index.php\/wp-json\/wp\/v2\/categories?post=32284"},{"taxonomy":"post_tag","embeddable":true,"href":"https:\/\/vocesdebaires.com.ar\/index.php\/wp-json\/wp\/v2\/tags?post=32284"}],"curies":[{"name":"wp","href":"https:\/\/api.w.org\/{rel}","templated":true}]}}