{"id":32287,"date":"2021-04-21T00:11:33","date_gmt":"2021-04-21T03:11:33","guid":{"rendered":"https:\/\/vocesdebaires.com.ar\/?p=32287"},"modified":"2021-04-21T00:11:33","modified_gmt":"2021-04-21T03:11:33","slug":"ambienteentregan-insumos-para-fortalecer-la-gestion-de-residuos","status":"publish","type":"post","link":"https:\/\/vocesdebaires.com.ar\/index.php\/2021\/04\/21\/ambienteentregan-insumos-para-fortalecer-la-gestion-de-residuos\/","title":{"rendered":"Ambiente:Entregan insumos para fortalecer la gesti\u00f3n de residuos\u00a0\u00a0"},"content":{"rendered":"<p>El ministerio de Ambiente y Desarrollo Sostenible de la Naci\u00f3n, visit\u00f3 el municipio bonaerense de Almirante Brown, donde junto a su intendente, Mariano Cascallares, y a Juan Pablo Biondi, secretario de Prensa y Comunicaci\u00f3n de la Presidencia de la Naci\u00f3n, entreg\u00f3 equipamiento para fortalecer la gesti\u00f3n integral de residuos local, que se suma a los kits de protecci\u00f3n personal destinados a las y los recuperadores urbanos de la zona ya otorgados por la cartera de Ambiente nacional. Para su materializaci\u00f3n se invirti\u00f3 un monto total de $ 72 millones.<\/p>\n<p>El ministro puntualiz\u00f3 el compromiso ambiental llevado a cabo por el distrito y reflexion\u00f3 que los insumos entregados son la demostraci\u00f3n de un \u201cEstado presente, un Gobierno nacional que est\u00e1 pensando en fortalecer a los municipios, en llegar a la gente, en mejorar la calidad de vida, y desde la equidad ambiental\u201d. En tal sentido, explic\u00f3 que desde la cartera a su cargo se dispuso una gesti\u00f3n vinculada \u201ca tener una fuerte posici\u00f3n respecto de los basurales a cielo abierto\u201d, y de fortalecimiento al \u201ctrabajo magn\u00edfico que realizan las y los recicladores urbanos\u201d, sum\u00f3.<\/p>\n<p>Cascallares, a su turno, recalc\u00f3 la labor de \u201cnuestras queridas y queridos compa\u00f1eros cooperativistas recicladores urbanos, que vienen haciendo un trabajo muy importante dentro de nuestro distrito\u201d. Tambi\u00e9n remarc\u00f3 el trabajo mancomunado entre la cartera ambiental nacional y el municipio \u201cpor poder generar esta estrategia conjunta\u201d. \u201cLo que est\u00e1 claro, y sobre todo en momentos como los que estamos pasando, es que nadie se salva solo\u201d, sintetiz\u00f3 el intendente.<\/p>\n<p>Los elementos totales destinados al municipio consisten de minicargadora, camiones con caja cerrada, trituradora de vidrio, guillotina de neum\u00e1ticos, trituradora de cascotes, balanza para cami\u00f3n con eje port\u00e1til, balanzas de piso, puntos verdes m\u00f3viles de arrastre, enfardadoras doble caj\u00f3n vertical, chipeadoras de ramas y planta de clasificaci\u00f3n de residuos. Estos servir\u00e1n para optimizar la higiene urbana local, mejorar el servicio de recolecci\u00f3n de residuos y facilitar la tarea de las y los recuperadores urbanos que all\u00ed se desempe\u00f1an.<\/p>\n<p>Ello se suma a los kits de elementos de protecci\u00f3n personal \u2014compuestos por antiparras, barbijos semirr\u00edgidos, bolsones bigbag, botines de seguridad, chalecos de alta visibilidad, guantes de goma, de nitrilo, y overalls descartables\u2014, que el Ministerio de Ambiente nacional facilit\u00f3 anteriormente al Gobierno local para fortalecer la labor del mencionado colectivo de trabajadoras y trabajadores.<\/p>\n<p>Asimismo, las autoridades visitaron uno de los vacunatorios contra la COVID-19 que opera en el distrito, en compa\u00f1\u00eda de funcionarios municipales. El ministro nacional subray\u00f3 el trabajo articulado entre el municipio y los gobiernos provincial y nacional que all\u00ed se lleva a cabo: \u201cDonde vimos la felicidad de hombres y mujeres que ten\u00edan esa vacuna\u201d, y agreg\u00f3: \u201cEn estos \u00faltimos d\u00edas tenemos 1.642.000 nuevas vacunas, que van a servir para continuar con esa campa\u00f1a enorme que se est\u00e1 haciendo\u201d.<\/p>\n<p>Posteriormente, la comitiva se traslad\u00f3 a la Granja Municipal Educativa, emplazada en una zona rural de la localidad de Ministro Rivadavia, donde se llev\u00f3 a cabo la ceremonia de entrega del equipamiento. El predio cuenta con sectores de huerta \u2014cuya producci\u00f3n se destina a comedores del municipio\u2014, viveros para reproducci\u00f3n de especies nativas de flora y corrales con diversos tipos de animales.<\/p>\n<p>La iniciativa se enmarca en el Plan Federal de Erradicaci\u00f3n de Basurales a Cielo Abierto, que ejecuta el organismo de Ambiente nacional a trav\u00e9s de la Secretar\u00eda de Control y Monitoreo Ambiental, a cargo de Sergio Federovisky. Se trata de una pol\u00edtica federal y hol\u00edstica que impulsa dotar a los municipios de los recursos necesarios para afrontar y optimizar la gesti\u00f3n integral de residuos s\u00f3lidos urbanos, con eje en la econom\u00eda circular. Se implementa en virtud de un cr\u00e9dito otorgado por el Banco Interamericano de Desarrollo (BID).<\/p>\n<p>Asimismo, busca apuntalar el Programa Eco-Inclusi\u00f3n que implementa la Municipalidad de Almirante Brown, el cual tiene entre sus objetivos reducir, reutilizar y reciclar materiales para disminuir la disposici\u00f3n final de Residuos S\u00f3lidos Urbanos; erradicar basurales y microbasurales en el territorio; y propender el desarrollo econ\u00f3mico y social de las cooperativas involucradas en las tareas de recolecci\u00f3n, acopio y tratamiento de Residuos Reciclables. Dicha iniciativa cuenta con una estructura de 12 estaciones de acopio de materiales reciclables; un esquema de recolecci\u00f3n diferenciada puerta a puerta en \u00e1reas centrales del distrito y en m\u00e1s de 150 escuelas e instituciones; tres ecopuntos operados por cooperativas de recuperadores urbanos; y 14 puntos de captaci\u00f3n de desechos no domiciliarios.<\/p>\n<p>Adem\u00e1s de las citadas autoridades, acompa\u00f1\u00f3 Manuel Mateu, coordinador de Residuos S\u00f3lidos Urbanos de la cartera de Ambiente nacional. Por parte de la Municipalidad de Almirante Brown, participaron Ignacio Villaronga, secretario de Pol\u00edtica Ambiental y H\u00e1bitat; Atilio Gari, secretario de Gesti\u00f3n Descentralizada; Walter G\u00f3mez, secretario de Salud; Mariano Ragonese, subsecretario de la Agencia Ambiental y Desarrollo Sustentable; y V\u00edctor Caparelli, director de Relaciones Institucionales.<\/p>\n","protected":false},"excerpt":{"rendered":"<p>El ministerio de Ambiente y Desarrollo Sostenible de la Naci\u00f3n, visit\u00f3 el municipio bonaerense de Almirante Brown, donde junto a su intendente, Mariano Cascallares, y a Juan Pablo Biondi, secretario de Prensa y Comunicaci\u00f3n de la Presidencia de la Naci\u00f3n, entreg\u00f3 equipamiento para fortalecer la gesti\u00f3n integral de residuos local, que se suma a los [&hellip;]<\/p>\n","protected":false},"author":2,"featured_media":32288,"comment_status":"open","ping_status":"open","sticky":false,"template":"","format":"standard","meta":{"_et_pb_use_builder":"","_et_pb_old_content":"","_et_gb_content_width":"","footnotes":""},"categories":[11,32],"tags":[],"class_list":["post-32287","post","type-post","status-publish","format-standard","has-post-thumbnail","hentry","category-ciudad","category-comunas"],"_links":{"self":[{"href":"https:\/\/vocesdebaires.com.ar\/index.php\/wp-json\/wp\/v2\/posts\/32287"}],"collection":[{"href":"https:\/\/vocesdebaires.com.ar\/index.php\/wp-json\/wp\/v2\/posts"}],"about":[{"href":"https:\/\/vocesdebaires.com.ar\/index.php\/wp-json\/wp\/v2\/types\/post"}],"author":[{"embeddable":true,"href":"https:\/\/vocesdebaires.com.ar\/index.php\/wp-json\/wp\/v2\/users\/2"}],"replies":[{"embeddable":true,"href":"https:\/\/vocesdebaires.com.ar\/index.php\/wp-json\/wp\/v2\/comments?post=32287"}],"version-history":[{"count":1,"href":"https:\/\/vocesdebaires.com.ar\/index.php\/wp-json\/wp\/v2\/posts\/32287\/revisions"}],"predecessor-version":[{"id":32289,"href":"https:\/\/vocesdebaires.com.ar\/index.php\/wp-json\/wp\/v2\/posts\/32287\/revisions\/32289"}],"wp:featuredmedia":[{"embeddable":true,"href":"https:\/\/vocesdebaires.com.ar\/index.php\/wp-json\/wp\/v2\/media\/32288"}],"wp:attachment":[{"href":"https:\/\/vocesdebaires.com.ar\/index.php\/wp-json\/wp\/v2\/media?parent=32287"}],"wp:term":[{"taxonomy":"category","embeddable":true,"href":"https:\/\/vocesdebaires.com.ar\/index.php\/wp-json\/wp\/v2\/categories?post=32287"},{"taxonomy":"post_tag","embeddable":true,"href":"https:\/\/vocesdebaires.com.ar\/index.php\/wp-json\/wp\/v2\/tags?post=32287"}],"curies":[{"name":"wp","href":"https:\/\/api.w.org\/{rel}","templated":true}]}}