{"id":3229,"date":"2019-04-12T03:00:00","date_gmt":"2019-04-12T06:00:00","guid":{"rendered":"http:\/\/vocesdebaires.com.ar\/wordpress\/index.php\/2019\/04\/12\/legislatura-aniversarios-barriales-en-la-ciudad\/"},"modified":"2019-04-12T03:00:00","modified_gmt":"2019-04-12T06:00:00","slug":"legislatura-aniversarios-barriales-en-la-ciudad","status":"publish","type":"post","link":"https:\/\/vocesdebaires.com.ar\/index.php\/2019\/04\/12\/legislatura-aniversarios-barriales-en-la-ciudad\/","title":{"rendered":"Legislatura: Aniversarios barriales en la ciudad"},"content":{"rendered":"<p>La Legislatura de la Ciudad Aut\u00f3noma de Buenos Aires conmemor\u00f3 el 130\u00b0 aniversario de la fundaci\u00f3n del barrio de Villa Devoto, que se celebra el 13 de abril, y adhiri\u00f3 a los festejos que se realizar\u00e1n en dicha fecha. Los legisladores Cristina Garc\u00eda, Daniel Del Sol, Eduardo Petrini, Guillermo Su\u00e1rez y Paula Villalba (VJ) impulsaron la iniciativa. El barrio integra la Comuna 11 de la Ciudad y se caracteriza por ser un espacio urbano residencial. Sus inicios est\u00e1n vinculados con la compra de tierras que hizo el Banco Inmobiliario para establecer un nuevo pueblo, a instancias de su presidente don Antonio Devoto, en cuyo homenaje le debe su nombre.<\/p>\n<p>El arquitecto Juan Antonio Buschiazzo fue el encargado de realizar la traza del nuevo pueblo y el 13 de abril de 1889, el entonces intendente Guillermo Cranwell aprob\u00f3 los planos correspondientes, fundando formalmente el barrio de Villa Devoto.En el mismo sentido, el Cuerpo parlamentario aprob\u00f3 la conmemoraci\u00f3n del 130\u00ba aniversario del barrio de Mataderos -Comuna 9- que se cumple el 14 de abril, y adhiri\u00f3 a todos sus festejos. El proyecto fue presentado por los legisladores Daniel Del Sol, Cristina Garc\u00eda, Paola Michielotto (VJ), Claudio Heredia, Mar\u00eda Rosa Mui\u00f1os y Santiago Roberto (BP).<\/p>\n<p>Tambi\u00e9n se dispuso la colocaci\u00f3n de una placa en el Monumento &quot;El Gaucho resero&quot; de Emilio Jacinto Sarniguet, sito en la intersecci\u00f3n de la Av. Lisandro de la Torre y Av. de los Corrales. El diputado Javier Andrade (UC) junto a sus compa\u00f1eros de bloque presentaron el proyecto. Durante el a\u00f1o 1884, luego de abundantes lluvias, desbord\u00f3 el Riachuelo e inund\u00f3 una gran extensi\u00f3n de los mataderos &quot;Nuevos Corrales del Sur&quot;, ubicados donde hoy se halla Parque de los Patricios. Se pens\u00f3 entonces en la zona de Liniers, entre las avenidas Lisandro de la Torre y De los Corrales. Era un \u00e1rea de campos que hab\u00edan pertenecido a Bernardo Terrero y Joaqu\u00edn Rivadavia.<\/p>\n<p>Se dividi\u00f3 el lugar, se abri\u00f3 una especie de huella (lo mismo que rastrillada) que luego recibi\u00f3 el nombre de &quot;Camino a los Mataderos&quot; y en 1913 el de Charles Tellier, en honor al inventor del sistema de enfriamiento de la carne. El nombre con que se llamaba al lugar era &quot;Administraci\u00f3n del Matadero P\u00fablico y Juzgado de Corrales&quot;. Al conocerse la construcci\u00f3n de los Mataderos, los rematadores comenzaron a realizar planos, subdividiendo las tierras y se subastaron los terrenos. As\u00ed comenz\u00f3 a nacer el barrio y en 1972 se estableci\u00f3 la limitaci\u00f3n de los barrios, a\u00f1o en el cual finalmente recibe el nombre de Mataderos.<\/p>\n<p>Placa en Villa Luro<\/p>\n<p>Por iniciativa del legislador Eduardo Petrini (VJ), el Cuerpo parlamentario dispuso la colocaci\u00f3n de una placa por el centenario de la \u201cAsociaci\u00f3n Vecinal Villa Luro Norte, Biblioteca Popular\u201d ubicada en la calle Elpidio Gonz\u00e1lez 5445 del barrio de Villa Luro de la Ciudad Aut\u00f3noma de Buenos Aires. <br \/><a><\/a><\/p>\n","protected":false},"excerpt":{"rendered":"<p>La Legislatura de la Ciudad Aut\u00f3noma de Buenos Aires conmemor\u00f3 el 130\u00b0 aniversario de la fundaci\u00f3n del barrio de Villa Devoto, que se celebra el 13 de abril, y adhiri\u00f3 a los festejos que se realizar\u00e1n en dicha fecha. Los legisladores Cristina Garc\u00eda, Daniel Del Sol, Eduardo Petrini, Guillermo Su\u00e1rez y Paula Villalba (VJ) impulsaron [&hellip;]<\/p>\n","protected":false},"author":1,"featured_media":3230,"comment_status":"open","ping_status":"open","sticky":false,"template":"","format":"standard","meta":{"_et_pb_use_builder":"","_et_pb_old_content":"","_et_gb_content_width":"","footnotes":""},"categories":[11,32],"tags":[],"class_list":["post-3229","post","type-post","status-publish","format-standard","has-post-thumbnail","hentry","category-ciudad","category-comunas"],"_links":{"self":[{"href":"https:\/\/vocesdebaires.com.ar\/index.php\/wp-json\/wp\/v2\/posts\/3229"}],"collection":[{"href":"https:\/\/vocesdebaires.com.ar\/index.php\/wp-json\/wp\/v2\/posts"}],"about":[{"href":"https:\/\/vocesdebaires.com.ar\/index.php\/wp-json\/wp\/v2\/types\/post"}],"author":[{"embeddable":true,"href":"https:\/\/vocesdebaires.com.ar\/index.php\/wp-json\/wp\/v2\/users\/1"}],"replies":[{"embeddable":true,"href":"https:\/\/vocesdebaires.com.ar\/index.php\/wp-json\/wp\/v2\/comments?post=3229"}],"version-history":[{"count":0,"href":"https:\/\/vocesdebaires.com.ar\/index.php\/wp-json\/wp\/v2\/posts\/3229\/revisions"}],"wp:featuredmedia":[{"embeddable":true,"href":"https:\/\/vocesdebaires.com.ar\/index.php\/wp-json\/wp\/v2\/media\/3230"}],"wp:attachment":[{"href":"https:\/\/vocesdebaires.com.ar\/index.php\/wp-json\/wp\/v2\/media?parent=3229"}],"wp:term":[{"taxonomy":"category","embeddable":true,"href":"https:\/\/vocesdebaires.com.ar\/index.php\/wp-json\/wp\/v2\/categories?post=3229"},{"taxonomy":"post_tag","embeddable":true,"href":"https:\/\/vocesdebaires.com.ar\/index.php\/wp-json\/wp\/v2\/tags?post=3229"}],"curies":[{"name":"wp","href":"https:\/\/api.w.org\/{rel}","templated":true}]}}