{"id":32297,"date":"2021-04-21T00:27:44","date_gmt":"2021-04-21T03:27:44","guid":{"rendered":"https:\/\/vocesdebaires.com.ar\/?p=32297"},"modified":"2021-04-21T00:34:27","modified_gmt":"2021-04-21T03:34:27","slug":"salud-porteno-brindo-detalles-sobre-la-situacion-sanitaria","status":"publish","type":"post","link":"https:\/\/vocesdebaires.com.ar\/index.php\/2021\/04\/21\/salud-porteno-brindo-detalles-sobre-la-situacion-sanitaria\/","title":{"rendered":"Salud porte\u00f1o brind\u00f3 detalles sobre la situaci\u00f3n sanitaria"},"content":{"rendered":"<p>El ministro de Salud porte\u00f1o, Fern\u00e1n Quir\u00f3s; el subsecretario de Atenci\u00f3n Primaria, Gabriel Battistella, y la directora general de Planificaci\u00f3n Operativa, Paula Zingoni, brindaron detalles de la situaci\u00f3n sanitaria de la Ciudad en relaci\u00f3n a la curva de contagios, su evoluci\u00f3n y el plan de vacunaci\u00f3n, en el marco del distanciamiento social, preventivo y obligatorio por el coronavirus.<br \/>\nQuir\u00f3s indic\u00f3 que \u201chasta el d\u00eda de hoy hemos confirmado 308.442 casos, de los cuales se han recuperado 259.472 personas, han fallecido 7.628, lo que hace una letalidad para la Ciudad de Buenos Aires de 2,47%\u201d.<\/p>\n<p>Adem\u00e1s, inform\u00f3 que \u201chemos alcanzado 2.134.127 personas que se han testeado en la Ciudad de Buenos Aires, el 60,9% de ellas son ciudadanos porte\u00f1os, con una positividad promedio de 21,2% en la semana, alcanzando una tasa de testeo cada 100.000 habitantes de 42.325\u201d. En cuanto al plan de vacunaci\u00f3n contra el coronavirus, Quir\u00f3s precis\u00f3 que \u201chasta el d\u00eda de hoy hemos recibido 665.300 dosis de vacunas, de ellas aplicamos 617.648, eso hace un porcentaje de aplicaci\u00f3n de las vacunas recibidas de 92.84%\u201d.<\/p>\n<p>\u201cHan recibido la primera dosis 518.554 porte\u00f1os, que significan el 42% de la poblaci\u00f3n de los grupos de riesgo y el 17,29% de la poblaci\u00f3n general de la Ciudad de Buenos Aires\u201d, agreg\u00f3.<br \/>\nEn trabajadores de la salud se aplic\u00f3 \u00abal menos una dosis en 178.015 personas, de los cuales 94.688 ya han recibido las dos dosis, eso significa un total de vacunas aplicadas de 272.703\u201d.<br \/>\n\u201cEn cuanto a adultos mayores de 70 a\u00f1os hemos vacunado a 324.027 personas con al menos una dosis, tenemos asignados 31.516 turnos y hemos logrado vacunar a la totalidad de las residencias de adultos mayores, que son 498\u201d, a\u00f1adi\u00f3.<\/p>\n<p>\u201cEstamos en condiciones de abrir el empadronamiento para las personas que tienen 65 a 69 a\u00f1os. Por supuesto que tambi\u00e9n pueden seguir inscribi\u00e9ndose los mayores de 70 a\u00f1os\u201d, comunic\u00f3. En relaci\u00f3n al Plan DetectAR, Battistella dijo que \u201chasta el momento se han testeado a 432.620 personas, de las cuales 55.126 dieron como resultado positivo \u201d. Estos son los barrios vulnerables en los que est\u00e1 presente el Operativo DetectAR: Barrio 31, Barrio 1-11-14, Barrio 21-24, Barrio 15, Barrio 20, Barrio Carrillo y Barrio Rodrigo Bueno.<\/p>\n<p>Y estos son los barrios en los que est\u00e1 presente el DetectAR M\u00f3vil: Balvanera, Flores, La Boca, Constituci\u00f3n, Barracas, Almagro, Palermo, Nueva Pompeya, Soldati, La Paternal, Chacarita, Parque Chacabuco, Boedo, San Crist\u00f3bal, Mataderos, Recoleta, San Telmo, Caballito, Villa Lugano, Villa Riachuelo, Parque Avellaneda, Villa Ort\u00fazar, Parque Chas, Belgrano, Colegiales, Coghlan, Villa Urquiza, Villa Crespo, N\u00fa\u00f1ez, Saavedra y Parque Patricios.<\/p>\n<p>\u201cEn relaci\u00f3n a la curva de los barrios vulnerables, se han diagnosticado 20.275 casos totales, de los cuales ya se han recuperado 18.430, fallecieron 304, lo que arroja una tasa de letalidad del 1,53%\u201d, agreg\u00f3 Battistella. En tanto, Zingoni anunci\u00f3 que en relaci\u00f3n a los geri\u00e1tricos \u201cllevamos realizados 43.387 hisopados, pudimos diagnosticar 5.982 casos, de los cuales se han recuperado 4.784 y han fallecido 1.128\u201d.Sobre la campa\u00f1a de vacunaci\u00f3n contra la gripe, la funcionaria inform\u00f3 que \u201chay empadronadas 68.217 personas, se ha otorgado turno a 15.629 y hemos vacunado a 27.382 personas\u201d.<\/p>\n<p>&nbsp;<\/p>\n","protected":false},"excerpt":{"rendered":"<p>El ministro de Salud porte\u00f1o, Fern\u00e1n Quir\u00f3s; el subsecretario de Atenci\u00f3n Primaria, Gabriel Battistella, y la directora general de Planificaci\u00f3n Operativa, Paula Zingoni, brindaron detalles de la situaci\u00f3n sanitaria de la Ciudad en relaci\u00f3n a la curva de contagios, su evoluci\u00f3n y el plan de vacunaci\u00f3n, en el marco del distanciamiento social, preventivo y obligatorio [&hellip;]<\/p>\n","protected":false},"author":3,"featured_media":32299,"comment_status":"open","ping_status":"open","sticky":false,"template":"","format":"standard","meta":{"_et_pb_use_builder":"","_et_pb_old_content":"","_et_gb_content_width":"","footnotes":""},"categories":[11,32],"tags":[],"class_list":["post-32297","post","type-post","status-publish","format-standard","has-post-thumbnail","hentry","category-ciudad","category-comunas"],"_links":{"self":[{"href":"https:\/\/vocesdebaires.com.ar\/index.php\/wp-json\/wp\/v2\/posts\/32297"}],"collection":[{"href":"https:\/\/vocesdebaires.com.ar\/index.php\/wp-json\/wp\/v2\/posts"}],"about":[{"href":"https:\/\/vocesdebaires.com.ar\/index.php\/wp-json\/wp\/v2\/types\/post"}],"author":[{"embeddable":true,"href":"https:\/\/vocesdebaires.com.ar\/index.php\/wp-json\/wp\/v2\/users\/3"}],"replies":[{"embeddable":true,"href":"https:\/\/vocesdebaires.com.ar\/index.php\/wp-json\/wp\/v2\/comments?post=32297"}],"version-history":[{"count":1,"href":"https:\/\/vocesdebaires.com.ar\/index.php\/wp-json\/wp\/v2\/posts\/32297\/revisions"}],"predecessor-version":[{"id":32298,"href":"https:\/\/vocesdebaires.com.ar\/index.php\/wp-json\/wp\/v2\/posts\/32297\/revisions\/32298"}],"wp:featuredmedia":[{"embeddable":true,"href":"https:\/\/vocesdebaires.com.ar\/index.php\/wp-json\/wp\/v2\/media\/32299"}],"wp:attachment":[{"href":"https:\/\/vocesdebaires.com.ar\/index.php\/wp-json\/wp\/v2\/media?parent=32297"}],"wp:term":[{"taxonomy":"category","embeddable":true,"href":"https:\/\/vocesdebaires.com.ar\/index.php\/wp-json\/wp\/v2\/categories?post=32297"},{"taxonomy":"post_tag","embeddable":true,"href":"https:\/\/vocesdebaires.com.ar\/index.php\/wp-json\/wp\/v2\/tags?post=32297"}],"curies":[{"name":"wp","href":"https:\/\/api.w.org\/{rel}","templated":true}]}}