{"id":32310,"date":"2021-04-22T00:00:20","date_gmt":"2021-04-22T03:00:20","guid":{"rendered":"https:\/\/vocesdebaires.com.ar\/?p=32310"},"modified":"2021-04-21T23:08:48","modified_gmt":"2021-04-22T02:08:48","slug":"la-ciudadel-cuartito-azul-corre-peligro","status":"publish","type":"post","link":"https:\/\/vocesdebaires.com.ar\/index.php\/2021\/04\/22\/la-ciudadel-cuartito-azul-corre-peligro\/","title":{"rendered":"La ciudad:El \u201cCuartito azul\u201d corre peligro\u00a0\u00a0"},"content":{"rendered":"<p><strong>Por Antonio Las Heras<\/strong><\/p>\n<p>Innecesario decir que \u201cCuartito azul\u201d es un tango famoso en el mundo con m\u00fasica de Mariano Mores. Menos conocido es que la letra, compuesta por Mario Battistella, est\u00e1 basada en un relato que Mores le coment\u00f3 a Battistella y que es trata de un hecho real donde el protagonista es nada menos que al autor de Gricel. Si. El mismo Mores. Estrenado en 1939, en la voz de Ignacio Corsini, el poema narra la dolorosa y emotiva experiencia de un joven que comenta la despida de esa habitaci\u00f3n en donde vivi\u00f3 alg\u00fan tiempo de su adolescencia para estar cerca de su primer amor.<\/p>\n<p>\u00abFue mi primer tango, es mi hijo mayor\u00bb, sol\u00eda dec\u00eda Mores cuando le preguntaban sobre aquellos inicios, en que era un joven veintea\u00f1ero. Todo esto sucedi\u00f3 tal como aparece en \u201cCuartito azul.\u201d El adolescente es Mores que se muda al porte\u00f1o barrio de Villa del Parque y vive en la peque\u00f1a habitaci\u00f3n (un altillo) que alquila \u2013 all\u00e1 por 1937 \u2013 con la \u00fanica finalidad de estar cerca de la dama que le quita el sue\u00f1o, quien resid\u00eda a una cuadra: Myrna Morages. Se casar\u00e1n en 1943. Mucho menos conocido es que aquella vivienda a\u00fan existe. Est\u00e1 en la calle Terrada 2.410; zona de veredas anchas, calles poco transitadas y viviendas t\u00edpicas de barrio.<\/p>\n<p>Sin dudas se trata de un hito fundamental en la historia del tango, por lo que es una edificaci\u00f3n que debe ser cuidada, protegida y puesta en valor. T\u00e9ngase en cuenta que el tan mentado cuartito azul ha sido mantenido, por los actuales propietarios, lo m\u00e1s parecido al que conoci\u00f3 el autor de Uno. Los transe\u00fantes, hoy, se sorprenden con una inscripci\u00f3n colocada sobre la entrada del garaje de esta casa donde, de manera inequ\u00edvoca, advierte: \u201ccuartito azul.\u201d En sobre relieve y grandes letras pintadas de ese color. Hacia el lado de la ventana, hay una placa colocada por la Legislatura de la Ciudad de Buenos Aires, que dice: \u201cEn esta casa vivi\u00f3 y compuso el tango `Cuartito azul` el maestro Mariano Mores.\u201d<\/p>\n<p>Y, por encima de todo ello, un enorme cartel de inmobiliaria se\u00f1ala que el lugar est\u00e1 a la venta. Lo que para algunos ha sido una se\u00f1al de alarma. \u00bfQu\u00e9 garant\u00edas hay de que \u2013 siguiendo la costumbre actual de la zona \u2013 no se lo derrumbe para construir departamentos? La respuesta es que la legislaci\u00f3n de la Ciudad de Buenos Aires protege la vivienda dado su valor cultural. El sitio fue declarado \u201cde inter\u00e9s cultural\u201d en 2012 por una iniciativa de los entonces legisladores Roberto Quattromano y Cristian Ritondo. Tambi\u00e9n conocemos que se aplic\u00f3 una medida cautelar que ubica al predio en un cat\u00e1logo preventivo, lo que impide su demolici\u00f3n, seg\u00fan hizo conocer la Direcci\u00f3n de Patrimonio, Museos y Casco Hist\u00f3rico del Ministerio de Cultura porte\u00f1o.<\/p>\n<p><strong>Antonio Las Heras es doctor en Psicolog\u00eda Social, fil\u00f3sofo y escritor.<\/strong> e mail: alasheras@hotmail.com<\/p>\n","protected":false},"excerpt":{"rendered":"<p>Por Antonio Las Heras Innecesario decir que \u201cCuartito azul\u201d es un tango famoso en el mundo con m\u00fasica de Mariano Mores. Menos conocido es que la letra, compuesta por Mario Battistella, est\u00e1 basada en un relato que Mores le coment\u00f3 a Battistella y que es trata de un hecho real donde el protagonista es nada [&hellip;]<\/p>\n","protected":false},"author":2,"featured_media":32311,"comment_status":"open","ping_status":"open","sticky":false,"template":"","format":"standard","meta":{"_et_pb_use_builder":"","_et_pb_old_content":"","_et_gb_content_width":"","footnotes":""},"categories":[32,33],"tags":[],"class_list":["post-32310","post","type-post","status-publish","format-standard","has-post-thumbnail","hentry","category-comunas","category-sociedad-y-cultura-2"],"_links":{"self":[{"href":"https:\/\/vocesdebaires.com.ar\/index.php\/wp-json\/wp\/v2\/posts\/32310"}],"collection":[{"href":"https:\/\/vocesdebaires.com.ar\/index.php\/wp-json\/wp\/v2\/posts"}],"about":[{"href":"https:\/\/vocesdebaires.com.ar\/index.php\/wp-json\/wp\/v2\/types\/post"}],"author":[{"embeddable":true,"href":"https:\/\/vocesdebaires.com.ar\/index.php\/wp-json\/wp\/v2\/users\/2"}],"replies":[{"embeddable":true,"href":"https:\/\/vocesdebaires.com.ar\/index.php\/wp-json\/wp\/v2\/comments?post=32310"}],"version-history":[{"count":1,"href":"https:\/\/vocesdebaires.com.ar\/index.php\/wp-json\/wp\/v2\/posts\/32310\/revisions"}],"predecessor-version":[{"id":32312,"href":"https:\/\/vocesdebaires.com.ar\/index.php\/wp-json\/wp\/v2\/posts\/32310\/revisions\/32312"}],"wp:featuredmedia":[{"embeddable":true,"href":"https:\/\/vocesdebaires.com.ar\/index.php\/wp-json\/wp\/v2\/media\/32311"}],"wp:attachment":[{"href":"https:\/\/vocesdebaires.com.ar\/index.php\/wp-json\/wp\/v2\/media?parent=32310"}],"wp:term":[{"taxonomy":"category","embeddable":true,"href":"https:\/\/vocesdebaires.com.ar\/index.php\/wp-json\/wp\/v2\/categories?post=32310"},{"taxonomy":"post_tag","embeddable":true,"href":"https:\/\/vocesdebaires.com.ar\/index.php\/wp-json\/wp\/v2\/tags?post=32310"}],"curies":[{"name":"wp","href":"https:\/\/api.w.org\/{rel}","templated":true}]}}