{"id":32317,"date":"2021-04-22T00:00:32","date_gmt":"2021-04-22T03:00:32","guid":{"rendered":"https:\/\/vocesdebaires.com.ar\/?p=32317"},"modified":"2021-04-21T23:26:41","modified_gmt":"2021-04-22T02:26:41","slug":"ciudad-detuvieron-ladrones-habian-robado-en-una-vivienda","status":"publish","type":"post","link":"https:\/\/vocesdebaires.com.ar\/index.php\/2021\/04\/22\/ciudad-detuvieron-ladrones-habian-robado-en-una-vivienda\/","title":{"rendered":"Ciudad detuvieron ladrones hab\u00edan robado en una vivienda"},"content":{"rendered":"<p>Personal de la Comisar\u00eda Vecinal 10 B se desplaz\u00f3 a la calle Alcaraz al 6100, luego de recibir una llamada al 911 de un vecino que indicaba que dos hombres estaban robando en una casa lindera. Adem\u00e1s, se solicit\u00f3 el despliegue en la manzana de efectivos de Anillo Digital, para realizar un operativo cerrojo alrededor de la vivienda en cuesti\u00f3n y evitar la fuga de los ladrones.<br \/>\nEn el lugar, los polic\u00edas se entrevistaron con el damnificado, un hombre de 53 a\u00f1os, que indic\u00f3 que los delincuentes se hab\u00edan escapado por los techos de las casas.<\/p>\n<p>Fue as\u00ed, como por medio de la descripci\u00f3n brindada, se logr\u00f3 detener a uno de los ladrones en Alcaraz al 6100 y ten\u00eda en su poder una mochila con una pistola 9 mil\u00edmetros, 11 municiones, 5 precintos, dos guantes, un pasamonta\u00f1a, una camisa, un gorro de lana, un bloque de tarjetas, cinta aisladora, un auricular, 10 relojes, 160 pesos, un tel\u00e9fono celular y un juego de llaves. El segundo ladr\u00f3n cay\u00f3 a cuatro cuadras de distancia de all\u00ed, en el fondo de una casa, donde fue detenido y asegurado. El delincuente llevaba una mochila azul, con ropa oscura, un celular, 5.392 d\u00f3lares y 570 pesos. Intervino la Fiscal\u00eda Criminal y Correccional N\u00famero 13, a cargo del doctor Roma y ante de la Secretar\u00eda del doctor Sola, que dispuso el traslado de los detenidos a la dependencia policial y el secuestro de los elementos hallados.<\/p>\n","protected":false},"excerpt":{"rendered":"<p>Personal de la Comisar\u00eda Vecinal 10 B se desplaz\u00f3 a la calle Alcaraz al 6100, luego de recibir una llamada al 911 de un vecino que indicaba que dos hombres estaban robando en una casa lindera. Adem\u00e1s, se solicit\u00f3 el despliegue en la manzana de efectivos de Anillo Digital, para realizar un operativo cerrojo alrededor [&hellip;]<\/p>\n","protected":false},"author":2,"featured_media":32318,"comment_status":"open","ping_status":"open","sticky":false,"template":"","format":"standard","meta":{"_et_pb_use_builder":"","_et_pb_old_content":"","_et_gb_content_width":"","footnotes":""},"categories":[32,33],"tags":[],"class_list":["post-32317","post","type-post","status-publish","format-standard","has-post-thumbnail","hentry","category-comunas","category-sociedad-y-cultura-2"],"_links":{"self":[{"href":"https:\/\/vocesdebaires.com.ar\/index.php\/wp-json\/wp\/v2\/posts\/32317"}],"collection":[{"href":"https:\/\/vocesdebaires.com.ar\/index.php\/wp-json\/wp\/v2\/posts"}],"about":[{"href":"https:\/\/vocesdebaires.com.ar\/index.php\/wp-json\/wp\/v2\/types\/post"}],"author":[{"embeddable":true,"href":"https:\/\/vocesdebaires.com.ar\/index.php\/wp-json\/wp\/v2\/users\/2"}],"replies":[{"embeddable":true,"href":"https:\/\/vocesdebaires.com.ar\/index.php\/wp-json\/wp\/v2\/comments?post=32317"}],"version-history":[{"count":1,"href":"https:\/\/vocesdebaires.com.ar\/index.php\/wp-json\/wp\/v2\/posts\/32317\/revisions"}],"predecessor-version":[{"id":32319,"href":"https:\/\/vocesdebaires.com.ar\/index.php\/wp-json\/wp\/v2\/posts\/32317\/revisions\/32319"}],"wp:featuredmedia":[{"embeddable":true,"href":"https:\/\/vocesdebaires.com.ar\/index.php\/wp-json\/wp\/v2\/media\/32318"}],"wp:attachment":[{"href":"https:\/\/vocesdebaires.com.ar\/index.php\/wp-json\/wp\/v2\/media?parent=32317"}],"wp:term":[{"taxonomy":"category","embeddable":true,"href":"https:\/\/vocesdebaires.com.ar\/index.php\/wp-json\/wp\/v2\/categories?post=32317"},{"taxonomy":"post_tag","embeddable":true,"href":"https:\/\/vocesdebaires.com.ar\/index.php\/wp-json\/wp\/v2\/tags?post=32317"}],"curies":[{"name":"wp","href":"https:\/\/api.w.org\/{rel}","templated":true}]}}