{"id":32321,"date":"2021-04-22T00:00:22","date_gmt":"2021-04-22T03:00:22","guid":{"rendered":"https:\/\/vocesdebaires.com.ar\/?p=32321"},"modified":"2021-04-21T23:33:11","modified_gmt":"2021-04-22T02:33:11","slug":"retiroincautaron-aves-exoticas-se-ofrecian-ilegalmente-en-veterinaria","status":"publish","type":"post","link":"https:\/\/vocesdebaires.com.ar\/index.php\/2021\/04\/22\/retiroincautaron-aves-exoticas-se-ofrecian-ilegalmente-en-veterinaria\/","title":{"rendered":"Retiro:Incautaron aves ex\u00f3ticas se ofrec\u00edan ilegalmente en veterinaria"},"content":{"rendered":"<p>La Polic\u00eda de la Ciudad secuestr\u00f3 en las \u00faltimas horas unas 48 aves ex\u00f3ticas que se comercializaban en una veterinaria del barrio de Retiro sin tener la pertinente autorizaci\u00f3n.<br \/>\nPersonal de la Divisi\u00f3n Operaciones Especiales de la Polic\u00eda de la Ciudad, en requerimiento de la Divisi\u00f3n Investigaciones Delictivas del Ministerio P\u00fablico Fiscal, realiz\u00f3 una inspecci\u00f3n en una veterinaria ubicada en la avenida C\u00f3rdoba al 1400, donde vecinos hab\u00edan advertido la existencia de animales en malas condiciones de higiene. Los oficiales, a instancias de los m\u00e9dicos veterinarios intervinientes, determinaron que hab\u00eda especies que no estaban incluidas en el C\u00f3digo de Habilitaciones, por lo que se procedi\u00f3 a incautarlas.<\/p>\n<p>Un total de 48 especies fueron secuestradas, entre las que se encontraban loros amaz\u00f3nicos, cotorras australianas, agapornis y cocotillas ninfa.Por este motivo, se consult\u00f3 con la Unidad Fiscal Especializada en Materia Ambiental, a cargo del doctor Carlos Rolero Santuri\u00e1n, quien orden\u00f3 que se labren las actas por ejercer ileg\u00edtimamente la actividad, infringiendo el Art\u00edculo 85 del C\u00f3digo Contravencional. Qued\u00f3 imputado el responsable del local, un hombre de 53 a\u00f1os.<\/p>\n<p>Participaron de la inspecci\u00f3n adem\u00e1s, el Cuerpo de Investigaciones Judiciales (CIJ), la Agencia Gubernamental de Control (AGC) y la Agencia de Protecci\u00f3n Ambiental (APRA), que resolvi\u00f3 la clausura administrativa del local.Las aves fueron trasladadas al Centro de Recuperaci\u00f3n de Aves, ubicado en la Reserva Ecol\u00f3gica de la Ciudad. Las medidas fueron puestas en conocimiento del Juzgado Penal, Contravencional y de Faltas N\u00famero 31, a cargo de la doctora Susana Parada.<\/p>\n","protected":false},"excerpt":{"rendered":"<p>La Polic\u00eda de la Ciudad secuestr\u00f3 en las \u00faltimas horas unas 48 aves ex\u00f3ticas que se comercializaban en una veterinaria del barrio de Retiro sin tener la pertinente autorizaci\u00f3n. Personal de la Divisi\u00f3n Operaciones Especiales de la Polic\u00eda de la Ciudad, en requerimiento de la Divisi\u00f3n Investigaciones Delictivas del Ministerio P\u00fablico Fiscal, realiz\u00f3 una inspecci\u00f3n [&hellip;]<\/p>\n","protected":false},"author":3,"featured_media":32322,"comment_status":"open","ping_status":"open","sticky":false,"template":"","format":"standard","meta":{"_et_pb_use_builder":"","_et_pb_old_content":"","_et_gb_content_width":"","footnotes":""},"categories":[32,33],"tags":[],"class_list":["post-32321","post","type-post","status-publish","format-standard","has-post-thumbnail","hentry","category-comunas","category-sociedad-y-cultura-2"],"_links":{"self":[{"href":"https:\/\/vocesdebaires.com.ar\/index.php\/wp-json\/wp\/v2\/posts\/32321"}],"collection":[{"href":"https:\/\/vocesdebaires.com.ar\/index.php\/wp-json\/wp\/v2\/posts"}],"about":[{"href":"https:\/\/vocesdebaires.com.ar\/index.php\/wp-json\/wp\/v2\/types\/post"}],"author":[{"embeddable":true,"href":"https:\/\/vocesdebaires.com.ar\/index.php\/wp-json\/wp\/v2\/users\/3"}],"replies":[{"embeddable":true,"href":"https:\/\/vocesdebaires.com.ar\/index.php\/wp-json\/wp\/v2\/comments?post=32321"}],"version-history":[{"count":1,"href":"https:\/\/vocesdebaires.com.ar\/index.php\/wp-json\/wp\/v2\/posts\/32321\/revisions"}],"predecessor-version":[{"id":32323,"href":"https:\/\/vocesdebaires.com.ar\/index.php\/wp-json\/wp\/v2\/posts\/32321\/revisions\/32323"}],"wp:featuredmedia":[{"embeddable":true,"href":"https:\/\/vocesdebaires.com.ar\/index.php\/wp-json\/wp\/v2\/media\/32322"}],"wp:attachment":[{"href":"https:\/\/vocesdebaires.com.ar\/index.php\/wp-json\/wp\/v2\/media?parent=32321"}],"wp:term":[{"taxonomy":"category","embeddable":true,"href":"https:\/\/vocesdebaires.com.ar\/index.php\/wp-json\/wp\/v2\/categories?post=32321"},{"taxonomy":"post_tag","embeddable":true,"href":"https:\/\/vocesdebaires.com.ar\/index.php\/wp-json\/wp\/v2\/tags?post=32321"}],"curies":[{"name":"wp","href":"https:\/\/api.w.org\/{rel}","templated":true}]}}