{"id":32345,"date":"2021-04-23T00:41:57","date_gmt":"2021-04-23T03:41:57","guid":{"rendered":"https:\/\/vocesdebaires.com.ar\/?p=32345"},"modified":"2021-04-23T00:42:47","modified_gmt":"2021-04-23T03:42:47","slug":"nueva-pompeya-taller-clandestinodetenidas-con-repuestos-ilegales-de-auto","status":"publish","type":"post","link":"https:\/\/vocesdebaires.com.ar\/index.php\/2021\/04\/23\/nueva-pompeya-taller-clandestinodetenidas-con-repuestos-ilegales-de-auto\/","title":{"rendered":"Taller clandestino,detenidas con repuestos ilegales de auto"},"content":{"rendered":"<p>El operativo realizado en la calle Pepir\u00ed al 1500 fue realizado en conjunto por personal de la Comisar\u00eda Vecinal 4 B de la Polic\u00eda de la Ciudad, inspectores de la Agencia Gubernamental de Control (AGC), el Organismo contra la Prevenci\u00f3n y Sustracci\u00f3n de Autopartes, y la Direcci\u00f3n General de Coordinaci\u00f3n Operativa del Ministerio de Justicia y Seguridad, tras recibir una orden de allanamiento del Juzgado de instrucci\u00f3n N\u00famero 53, a cargo del doctor Litvack y ante la Secretar\u00eda 66 de la doctora Basavilbaso. Los oficiales se acercaron al taller de la mencionada direcci\u00f3n y en la recorrida por su interior observaron autom\u00f3viles estacionados y uno de ellos ten\u00eda un pedido de secuestro por robo, solicitado por la Fiscal\u00eda Criminal y Correccional N\u00famero 23, Secretar\u00eda 1, de diciembre de 2018.<\/p>\n<p>Adem\u00e1s se hallaron autopartes ilegales en la caja de una camioneta. Por tal motivo, se hizo la consulta en la Fiscal\u00eda Contravencional y de Faltas N\u00famero 34, a cargo de la doctora Bellavigna y ante la Secretar\u00eda del doctor Otamendi, que dispuso la detenci\u00f3n por encubrimiento de las dos encargadas del taller, de 27 y 51 a\u00f1os, y la notificaci\u00f3n de los dos mec\u00e1nicos que trabajaban, de nacionalidad paraguaya y de 39 y 49 a\u00f1os. El magistrado actuante resolvi\u00f3 adem\u00e1s secuestrar el rodado en cuesti\u00f3n, un Toyota Corolla, dos cajas de transmisi\u00f3n, tres bloques de motor, puertas, paragolpes y capots, y la clausura del taller por parte de la AGC.<\/p>\n","protected":false},"excerpt":{"rendered":"<p>El operativo realizado en la calle Pepir\u00ed al 1500 fue realizado en conjunto por personal de la Comisar\u00eda Vecinal 4 B de la Polic\u00eda de la Ciudad, inspectores de la Agencia Gubernamental de Control (AGC), el Organismo contra la Prevenci\u00f3n y Sustracci\u00f3n de Autopartes, y la Direcci\u00f3n General de Coordinaci\u00f3n Operativa del Ministerio de Justicia [&hellip;]<\/p>\n","protected":false},"author":3,"featured_media":32346,"comment_status":"open","ping_status":"open","sticky":false,"template":"","format":"standard","meta":{"_et_pb_use_builder":"","_et_pb_old_content":"","_et_gb_content_width":"","footnotes":""},"categories":[11,32],"tags":[],"class_list":["post-32345","post","type-post","status-publish","format-standard","has-post-thumbnail","hentry","category-ciudad","category-comunas"],"_links":{"self":[{"href":"https:\/\/vocesdebaires.com.ar\/index.php\/wp-json\/wp\/v2\/posts\/32345"}],"collection":[{"href":"https:\/\/vocesdebaires.com.ar\/index.php\/wp-json\/wp\/v2\/posts"}],"about":[{"href":"https:\/\/vocesdebaires.com.ar\/index.php\/wp-json\/wp\/v2\/types\/post"}],"author":[{"embeddable":true,"href":"https:\/\/vocesdebaires.com.ar\/index.php\/wp-json\/wp\/v2\/users\/3"}],"replies":[{"embeddable":true,"href":"https:\/\/vocesdebaires.com.ar\/index.php\/wp-json\/wp\/v2\/comments?post=32345"}],"version-history":[{"count":2,"href":"https:\/\/vocesdebaires.com.ar\/index.php\/wp-json\/wp\/v2\/posts\/32345\/revisions"}],"predecessor-version":[{"id":32348,"href":"https:\/\/vocesdebaires.com.ar\/index.php\/wp-json\/wp\/v2\/posts\/32345\/revisions\/32348"}],"wp:featuredmedia":[{"embeddable":true,"href":"https:\/\/vocesdebaires.com.ar\/index.php\/wp-json\/wp\/v2\/media\/32346"}],"wp:attachment":[{"href":"https:\/\/vocesdebaires.com.ar\/index.php\/wp-json\/wp\/v2\/media?parent=32345"}],"wp:term":[{"taxonomy":"category","embeddable":true,"href":"https:\/\/vocesdebaires.com.ar\/index.php\/wp-json\/wp\/v2\/categories?post=32345"},{"taxonomy":"post_tag","embeddable":true,"href":"https:\/\/vocesdebaires.com.ar\/index.php\/wp-json\/wp\/v2\/tags?post=32345"}],"curies":[{"name":"wp","href":"https:\/\/api.w.org\/{rel}","templated":true}]}}