{"id":32349,"date":"2021-04-23T00:46:32","date_gmt":"2021-04-23T03:46:32","guid":{"rendered":"https:\/\/vocesdebaires.com.ar\/?p=32349"},"modified":"2021-04-23T00:46:32","modified_gmt":"2021-04-23T03:46:32","slug":"ciudadtramites-en-las-plazas-cercanas-de-tu-barrio","status":"publish","type":"post","link":"https:\/\/vocesdebaires.com.ar\/index.php\/2021\/04\/23\/ciudadtramites-en-las-plazas-cercanas-de-tu-barrio\/","title":{"rendered":"Ciudad:Tr\u00e1mites en las plazas cercanas de tu barrio"},"content":{"rendered":"<p>El programa organizado por la Direcci\u00f3n General Estrategias y Fortalecimiento Territorial se llev\u00f3 a cabo los d\u00edas martes 13 y mi\u00e9rcoles 14 de abril en Plaza V\u00e9lez Sarsfield, y jueves 15 y viernes 16 en Plaza Salaberry. Durante toda la semana se desplegaron puestos en donde diferentes \u00e1reas del Gobierno de la Ciudad de Buenos Aires acercaron sus servicios a los vecinos de los distintos barrios.<\/p>\n<p>El Estado en tu Barrio Ciudad cuenta con tramitaci\u00f3n de DNI a trav\u00e9s del Registro Civil de la Ciudad; vacunaci\u00f3n y castraci\u00f3n de animales a trav\u00e9s del \u00e1rea de mascotas de la ciudad; asesoramiento jur\u00eddico del Ministerio P\u00fablico Fiscal, el acercamiento de las \u00e1reas de Servicios Sociales Zonales y Derecho a la identidad; el puesto informativo de Voto Extranjero; y el \u00e1rea de Mediaci\u00f3n Comunitaria.<\/p>\n<p>A su vez al operativo concurren tanto la fundaci\u00f3n Testeate Buenos Aires (que realiza testeos de VIH gratuitos y an\u00f3nimos); como el personal comunal de cada plaza, brind\u00e1ndole a los vecinos la posibilidad de hacer consultas y sugerencias relacionadas con su barrio particular. Los vecinos pudieron realizar todo tipo de tr\u00e1mites y consultas, fortaleciendo as\u00ed el lazo de cercan\u00eda entre nuestras instituciones y la ciudadan\u00eda, lo que se ve reflejado en los m\u00e1s de 400 servicios brindados en la semana.<\/p>\n","protected":false},"excerpt":{"rendered":"<p>El programa organizado por la Direcci\u00f3n General Estrategias y Fortalecimiento Territorial se llev\u00f3 a cabo los d\u00edas martes 13 y mi\u00e9rcoles 14 de abril en Plaza V\u00e9lez Sarsfield, y jueves 15 y viernes 16 en Plaza Salaberry. Durante toda la semana se desplegaron puestos en donde diferentes \u00e1reas del Gobierno de la Ciudad de Buenos [&hellip;]<\/p>\n","protected":false},"author":3,"featured_media":32350,"comment_status":"open","ping_status":"open","sticky":false,"template":"","format":"standard","meta":{"_et_pb_use_builder":"","_et_pb_old_content":"","_et_gb_content_width":"","footnotes":""},"categories":[11,32],"tags":[],"class_list":["post-32349","post","type-post","status-publish","format-standard","has-post-thumbnail","hentry","category-ciudad","category-comunas"],"_links":{"self":[{"href":"https:\/\/vocesdebaires.com.ar\/index.php\/wp-json\/wp\/v2\/posts\/32349"}],"collection":[{"href":"https:\/\/vocesdebaires.com.ar\/index.php\/wp-json\/wp\/v2\/posts"}],"about":[{"href":"https:\/\/vocesdebaires.com.ar\/index.php\/wp-json\/wp\/v2\/types\/post"}],"author":[{"embeddable":true,"href":"https:\/\/vocesdebaires.com.ar\/index.php\/wp-json\/wp\/v2\/users\/3"}],"replies":[{"embeddable":true,"href":"https:\/\/vocesdebaires.com.ar\/index.php\/wp-json\/wp\/v2\/comments?post=32349"}],"version-history":[{"count":1,"href":"https:\/\/vocesdebaires.com.ar\/index.php\/wp-json\/wp\/v2\/posts\/32349\/revisions"}],"predecessor-version":[{"id":32351,"href":"https:\/\/vocesdebaires.com.ar\/index.php\/wp-json\/wp\/v2\/posts\/32349\/revisions\/32351"}],"wp:featuredmedia":[{"embeddable":true,"href":"https:\/\/vocesdebaires.com.ar\/index.php\/wp-json\/wp\/v2\/media\/32350"}],"wp:attachment":[{"href":"https:\/\/vocesdebaires.com.ar\/index.php\/wp-json\/wp\/v2\/media?parent=32349"}],"wp:term":[{"taxonomy":"category","embeddable":true,"href":"https:\/\/vocesdebaires.com.ar\/index.php\/wp-json\/wp\/v2\/categories?post=32349"},{"taxonomy":"post_tag","embeddable":true,"href":"https:\/\/vocesdebaires.com.ar\/index.php\/wp-json\/wp\/v2\/tags?post=32349"}],"curies":[{"name":"wp","href":"https:\/\/api.w.org\/{rel}","templated":true}]}}