{"id":32352,"date":"2021-04-23T00:48:59","date_gmt":"2021-04-23T03:48:59","guid":{"rendered":"https:\/\/vocesdebaires.com.ar\/?p=32352"},"modified":"2021-04-23T00:48:59","modified_gmt":"2021-04-23T03:48:59","slug":"ciudadubicaciones-y-horarios-en-areas-peatonales-transitorias","status":"publish","type":"post","link":"https:\/\/vocesdebaires.com.ar\/index.php\/2021\/04\/23\/ciudadubicaciones-y-horarios-en-areas-peatonales-transitorias\/","title":{"rendered":"Ciudad:Ubicaciones y horarios en \u00e1reas peatonales transitorias"},"content":{"rendered":"<p>Desde septiembre del a\u00f1o pasado el Ministerio de Espacio P\u00fablico e Higiene Urbana viene generando \u00e1reas peatonales transitorias ubicadas en Retiro, San Telmo, San Nicol\u00e1s, Recoleta, Almagro, Balvanera, La Boca, Boedo, Parque Chacabuco, Villa Riachuelo, Liniers, Villa Luro, Floresta, Villa Devoto, Villa Urquiza, Belgrano, Palermo y Chacarita. Se trata de calles cortadas al tr\u00e1nsito vehicular y con demarcaciones especiales para que los vecinos y las vecinas puedan caminar al aire libre o sentarse a comer respetando el distanciamiento y cumpliendo los protocolos de seguridad. Conoc\u00e9 las ubicaciones y horarios.<\/p>\n","protected":false},"excerpt":{"rendered":"<p>Desde septiembre del a\u00f1o pasado el Ministerio de Espacio P\u00fablico e Higiene Urbana viene generando \u00e1reas peatonales transitorias ubicadas en Retiro, San Telmo, San Nicol\u00e1s, Recoleta, Almagro, Balvanera, La Boca, Boedo, Parque Chacabuco, Villa Riachuelo, Liniers, Villa Luro, Floresta, Villa Devoto, Villa Urquiza, Belgrano, Palermo y Chacarita. Se trata de calles cortadas al tr\u00e1nsito vehicular [&hellip;]<\/p>\n","protected":false},"author":3,"featured_media":32353,"comment_status":"open","ping_status":"open","sticky":false,"template":"","format":"standard","meta":{"_et_pb_use_builder":"","_et_pb_old_content":"","_et_gb_content_width":"","footnotes":""},"categories":[11,32],"tags":[],"class_list":["post-32352","post","type-post","status-publish","format-standard","has-post-thumbnail","hentry","category-ciudad","category-comunas"],"_links":{"self":[{"href":"https:\/\/vocesdebaires.com.ar\/index.php\/wp-json\/wp\/v2\/posts\/32352"}],"collection":[{"href":"https:\/\/vocesdebaires.com.ar\/index.php\/wp-json\/wp\/v2\/posts"}],"about":[{"href":"https:\/\/vocesdebaires.com.ar\/index.php\/wp-json\/wp\/v2\/types\/post"}],"author":[{"embeddable":true,"href":"https:\/\/vocesdebaires.com.ar\/index.php\/wp-json\/wp\/v2\/users\/3"}],"replies":[{"embeddable":true,"href":"https:\/\/vocesdebaires.com.ar\/index.php\/wp-json\/wp\/v2\/comments?post=32352"}],"version-history":[{"count":1,"href":"https:\/\/vocesdebaires.com.ar\/index.php\/wp-json\/wp\/v2\/posts\/32352\/revisions"}],"predecessor-version":[{"id":32354,"href":"https:\/\/vocesdebaires.com.ar\/index.php\/wp-json\/wp\/v2\/posts\/32352\/revisions\/32354"}],"wp:featuredmedia":[{"embeddable":true,"href":"https:\/\/vocesdebaires.com.ar\/index.php\/wp-json\/wp\/v2\/media\/32353"}],"wp:attachment":[{"href":"https:\/\/vocesdebaires.com.ar\/index.php\/wp-json\/wp\/v2\/media?parent=32352"}],"wp:term":[{"taxonomy":"category","embeddable":true,"href":"https:\/\/vocesdebaires.com.ar\/index.php\/wp-json\/wp\/v2\/categories?post=32352"},{"taxonomy":"post_tag","embeddable":true,"href":"https:\/\/vocesdebaires.com.ar\/index.php\/wp-json\/wp\/v2\/tags?post=32352"}],"curies":[{"name":"wp","href":"https:\/\/api.w.org\/{rel}","templated":true}]}}