{"id":3236,"date":"2019-04-12T03:00:00","date_gmt":"2019-04-12T06:00:00","guid":{"rendered":"http:\/\/vocesdebaires.com.ar\/wordpress\/index.php\/2019\/04\/12\/el-artista-eugenio-cuttica-personalidad-destacada\/"},"modified":"2019-04-12T03:00:00","modified_gmt":"2019-04-12T06:00:00","slug":"el-artista-eugenio-cuttica-personalidad-destacada","status":"publish","type":"post","link":"https:\/\/vocesdebaires.com.ar\/index.php\/2019\/04\/12\/el-artista-eugenio-cuttica-personalidad-destacada\/","title":{"rendered":"El artista Eugenio Cuttica, Personalidad Destacada"},"content":{"rendered":"<p>El pintor Eugenio Cuttica fue nombrado Personalidad Destacada de la Cultura de la Ciudad de Buenos Aires, en una ceremonia que se realiz\u00f3 el pasado lunes en el Sal\u00f3n Dorado de la Legislatura porte\u00f1a. La legisladora Carolina Estebarena (VJ), afirm\u00f3 que se reconoci\u00f3 \u201cla magn\u00edfica trayectoria\u201d y evalu\u00f3 que la declaraci\u00f3n de su autor\u00eda, se trat\u00f3 de un \u201cmerecido y justo reconocimiento\u201d.<\/p>\n<p>Cuttica, naci\u00f3 en 1957 en la Ciudad y pertenece a la denominada \u201cgeneraci\u00f3n intermedia\u201d. Ha expuesto en galer\u00edas, museos, centros culturales y ferias de arte internacionales durante m\u00e1s de 30 a\u00f1os. En 2015 realiz\u00f3 su muestra retrospectiva \u201cLa Mirada Interior\u201d en el Museo Nacional de Bellas Artes, a la cual asistieron m\u00e1s de 100.000 personas, lo que constituy\u00f3 un r\u00e9cord para una muestra individual temporaria en Buenos Aires.<\/p>\n<p>Eugenio Zanetti, director de cine, teatro y \u00f3pera y dise\u00f1ador, recordado por haber ganado un Oscar en 1996 a la mejor direcci\u00f3n de arte en el film Restauraci\u00f3n, defini\u00f3 que junto al pintor \u201ctenemos una afici\u00f3n, que es la cultura\u201d. Agreg\u00f3: \u201ces un referente que yo tengo, la forma que lleva el trabajo es ejemplar\u201d.Eduardo Marty, presidente de la Fundaci\u00f3n para la Responsabilidad Intelectual, destac\u00f3 el trabajo con el artista en la educaci\u00f3n \u201cen el arte de emprender\u201d y lo describi\u00f3 como alguien que \u201ccrea belleza, riqueza y valor\u201d; destacando que han tenido \u201c1 mill\u00f3n de alumnos en 20 provincias\u201d<\/p>\n<p>Carlos Molard, coleccionista de arte, dijo que Cuttica, cu\u00e1ndo lo conoci\u00f3, le expres\u00f3 \u201cuna gran preocupaci\u00f3n sobre el futuro humano y la sociedad en la que vivimos\u201d, fundamentado a trav\u00e9s de grandes fil\u00f3sofos. Valoriz\u00f3 su obra y la capacidad de \u201creconectarnos\u201d. Fabiana Cantilo, cantante, record\u00f3 que conoci\u00f3 a Cuttica en 1977, cuando ambos estudiaban en la Escuela de Bellas Artes y el pintor la impuls\u00f3 a dedicarse a la m\u00fasica.<\/p>\n<p>Cuttica, luego de recibir el premio, agradeci\u00f3 a amigos, artistas y \u201clos que me fui cruzando a lo largo de 47 a\u00f1os de carrera art\u00edstica\u201d. Record\u00f3 que \u201cmuchas veces me enojado con la Argentina\u201d y lo compar\u00f3 con \u201cun amor que no ha sido correspondido\u201d; aunque \u201ceste homenaje, es un c\u00edrculo que se cierra\u201d.El artista vivi\u00f3 y trabaj\u00f3 22 a\u00f1os en el exterior: \u201cyo estoy aqu\u00ed y me pude reunir con la Argentina que siempre quise, este es un momento de reencuentro\u201d. Valor\u00f3 a diversos hombres de letras como Juan Bautista Alberdi, Ezequiel Mart\u00ednez Estrada o Jorge Lu\u00eds Borges. Record\u00f3 que \u201cArgentina fue el primer pa\u00eds de Am\u00e9rica Latina que venci\u00f3 al analfabetismo, entre tantos logros\u201d<\/p>\n<p>Cuttica afirm\u00f3 que pudo \u201cdeciarse a lo que uno le gusta\u201d y recomend\u00f3 a aquellos \u201cque tienen la llama, no la abandonen, por que se encuentra algo, es un para\u00edso\u201d. Cont\u00f3 que \u201cyo no me tomo vacaciones desde hace 15 a\u00f1os porque siento que no trabajo\u201d.Dijo haber \u201cevitado tener una existencia anestesiada\u201d. Describi\u00f3 al arte actual como \u201cla promoci\u00f3n de la cultura de la salvaci\u00f3n\u201d y \u201cun abrazo entre dos extra\u00f1os\u201d, el autor y p\u00fablico.<\/p>\n<p>Exposici\u00f3n de esculturas :En el Hall de Honor de la Planta Principal de la Legislatura, desde el 8 de abril de 2019 al 12 de abril de 2019, se realiz\u00f3 una exposici\u00f3n de sus obras.<\/p>\n<p>Algunos de los fundamentos de la Declaraci\u00f3n<\/p>\n<p>Las obras de Eugenio Cuttica forman parte de las colecciones m\u00e1s importantes del mundo tanto p\u00fablicas como privadas. Adem\u00e1s fue el encargado de realizar la ornamentaci\u00f3n de la Estaci\u00f3n San Pedrito (estaci\u00f3n terminal oeste de la L\u00ednea A del Subte), con un desarrollo tem\u00e1tico dedicado a la vida del barrio de Flores.\u00a0 De un lado de la estaci\u00f3n coloc\u00f3 su obra &quot;Luna y Corona de Novia&quot;\u00a0 y del otro los retratos de Alfonsina Storni, Baldomero Fern\u00e1ndez Moreno, Hugo del Carril y el Dr. Florencio Escard\u00f3; todas personas ilustres que vivieron en el barrio y que los vecinos eligieron para que el artista los retrate en formato de gigantograf\u00edas. En el a\u00f1o 2015, el artista le regal\u00f3 al Papa Francisco un retrato del obispo Arnulfo Romero, beatificado ese a\u00f1o y primer arzobispo m\u00e1rtir de Am\u00e9rica.<\/p>\n","protected":false},"excerpt":{"rendered":"<p>El pintor Eugenio Cuttica fue nombrado Personalidad Destacada de la Cultura de la Ciudad de Buenos Aires, en una ceremonia que se realiz\u00f3 el pasado lunes en el Sal\u00f3n Dorado de la Legislatura porte\u00f1a. La legisladora Carolina Estebarena (VJ), afirm\u00f3 que se reconoci\u00f3 \u201cla magn\u00edfica trayectoria\u201d y evalu\u00f3 que la declaraci\u00f3n de su autor\u00eda, se [&hellip;]<\/p>\n","protected":false},"author":1,"featured_media":3237,"comment_status":"open","ping_status":"open","sticky":false,"template":"","format":"standard","meta":{"_et_pb_use_builder":"","_et_pb_old_content":"","_et_gb_content_width":"","footnotes":""},"categories":[11,33],"tags":[],"class_list":["post-3236","post","type-post","status-publish","format-standard","has-post-thumbnail","hentry","category-ciudad","category-sociedad-y-cultura-2"],"_links":{"self":[{"href":"https:\/\/vocesdebaires.com.ar\/index.php\/wp-json\/wp\/v2\/posts\/3236"}],"collection":[{"href":"https:\/\/vocesdebaires.com.ar\/index.php\/wp-json\/wp\/v2\/posts"}],"about":[{"href":"https:\/\/vocesdebaires.com.ar\/index.php\/wp-json\/wp\/v2\/types\/post"}],"author":[{"embeddable":true,"href":"https:\/\/vocesdebaires.com.ar\/index.php\/wp-json\/wp\/v2\/users\/1"}],"replies":[{"embeddable":true,"href":"https:\/\/vocesdebaires.com.ar\/index.php\/wp-json\/wp\/v2\/comments?post=3236"}],"version-history":[{"count":0,"href":"https:\/\/vocesdebaires.com.ar\/index.php\/wp-json\/wp\/v2\/posts\/3236\/revisions"}],"wp:featuredmedia":[{"embeddable":true,"href":"https:\/\/vocesdebaires.com.ar\/index.php\/wp-json\/wp\/v2\/media\/3237"}],"wp:attachment":[{"href":"https:\/\/vocesdebaires.com.ar\/index.php\/wp-json\/wp\/v2\/media?parent=3236"}],"wp:term":[{"taxonomy":"category","embeddable":true,"href":"https:\/\/vocesdebaires.com.ar\/index.php\/wp-json\/wp\/v2\/categories?post=3236"},{"taxonomy":"post_tag","embeddable":true,"href":"https:\/\/vocesdebaires.com.ar\/index.php\/wp-json\/wp\/v2\/tags?post=3236"}],"curies":[{"name":"wp","href":"https:\/\/api.w.org\/{rel}","templated":true}]}}