{"id":32360,"date":"2021-04-26T00:00:52","date_gmt":"2021-04-26T03:00:52","guid":{"rendered":"https:\/\/vocesdebaires.com.ar\/?p=32360"},"modified":"2021-04-25T22:40:15","modified_gmt":"2021-04-26T01:40:15","slug":"balvaneraclausuraron-seis-locales-que-vendian-celulares-robados","status":"publish","type":"post","link":"https:\/\/vocesdebaires.com.ar\/index.php\/2021\/04\/26\/balvaneraclausuraron-seis-locales-que-vendian-celulares-robados\/","title":{"rendered":"Balvanera:Clausuraron seis locales que vend\u00edan celulares robados"},"content":{"rendered":"<p>Los procedimientos fueron llevados adelante por personal de la Divisi\u00f3n Operaciones Especiales Requeridas por el Ministerio P\u00fablico y de la Divisi\u00f3n Investigaciones delictivas de la Polic\u00eda de la Ciudad, correspondientes al Departamento Contravenciones y Faltas de la Superintendencia de Investigaciones, junto a la Agencia Gubernamental de Control (AGC) y bajo la supervisi\u00f3n de la Direcci\u00f3n General de Coordinaci\u00f3n Operativa del Ministerio de Justicia y Seguridad. Las inspecciones se hicieron en una galer\u00eda de avenida Corrientes al 2400 y en locales de avenida Pueyrred\u00f3n al 300 y 400, y en avenida Rivadavia al 2800, y fueron aprehendidas nuevas personas: un argentino de 46 a\u00f1os, dos peruanos de 52 y 32, un paraguayo de 25, un venezolano de 28, dos argentinas de 43 y 23, y dos venezolanas de 28 y 29.<\/p>\n<p>En total, se secuestraron 234 celulares sin documentaci\u00f3n y denunciados como robados en el Ente Nacional de Comunicaciones (ENACOM), 159 bater\u00edas, 636 m\u00f3dulos de tel\u00e9fonos, 147 pantallas, 2 tablets, m\u00e1quinaria para soldar, reparar y desbloquear los equipos.Adem\u00e1s, personal de AGC procedi\u00f3 a clausurar seis de los comercios visitados por distintas irregularidades. Intervino en los procedimientos el Juzgado Federal N\u00famero 7, a cargo del doctor Casanello, Secretar\u00eda 13 del doctor Smielinski, que aval\u00f3 lo actuado y dispuso la notificaci\u00f3n de los nueve encargados de los locales por infracci\u00f3n a la Ley de Comunicaciones.<\/p>\n","protected":false},"excerpt":{"rendered":"<p>Los procedimientos fueron llevados adelante por personal de la Divisi\u00f3n Operaciones Especiales Requeridas por el Ministerio P\u00fablico y de la Divisi\u00f3n Investigaciones delictivas de la Polic\u00eda de la Ciudad, correspondientes al Departamento Contravenciones y Faltas de la Superintendencia de Investigaciones, junto a la Agencia Gubernamental de Control (AGC) y bajo la supervisi\u00f3n de la Direcci\u00f3n [&hellip;]<\/p>\n","protected":false},"author":3,"featured_media":32361,"comment_status":"open","ping_status":"open","sticky":false,"template":"","format":"standard","meta":{"_et_pb_use_builder":"","_et_pb_old_content":"","_et_gb_content_width":"","footnotes":""},"categories":[11,32,33],"tags":[],"class_list":["post-32360","post","type-post","status-publish","format-standard","has-post-thumbnail","hentry","category-ciudad","category-comunas","category-sociedad-y-cultura-2"],"_links":{"self":[{"href":"https:\/\/vocesdebaires.com.ar\/index.php\/wp-json\/wp\/v2\/posts\/32360"}],"collection":[{"href":"https:\/\/vocesdebaires.com.ar\/index.php\/wp-json\/wp\/v2\/posts"}],"about":[{"href":"https:\/\/vocesdebaires.com.ar\/index.php\/wp-json\/wp\/v2\/types\/post"}],"author":[{"embeddable":true,"href":"https:\/\/vocesdebaires.com.ar\/index.php\/wp-json\/wp\/v2\/users\/3"}],"replies":[{"embeddable":true,"href":"https:\/\/vocesdebaires.com.ar\/index.php\/wp-json\/wp\/v2\/comments?post=32360"}],"version-history":[{"count":1,"href":"https:\/\/vocesdebaires.com.ar\/index.php\/wp-json\/wp\/v2\/posts\/32360\/revisions"}],"predecessor-version":[{"id":32362,"href":"https:\/\/vocesdebaires.com.ar\/index.php\/wp-json\/wp\/v2\/posts\/32360\/revisions\/32362"}],"wp:featuredmedia":[{"embeddable":true,"href":"https:\/\/vocesdebaires.com.ar\/index.php\/wp-json\/wp\/v2\/media\/32361"}],"wp:attachment":[{"href":"https:\/\/vocesdebaires.com.ar\/index.php\/wp-json\/wp\/v2\/media?parent=32360"}],"wp:term":[{"taxonomy":"category","embeddable":true,"href":"https:\/\/vocesdebaires.com.ar\/index.php\/wp-json\/wp\/v2\/categories?post=32360"},{"taxonomy":"post_tag","embeddable":true,"href":"https:\/\/vocesdebaires.com.ar\/index.php\/wp-json\/wp\/v2\/tags?post=32360"}],"curies":[{"name":"wp","href":"https:\/\/api.w.org\/{rel}","templated":true}]}}