{"id":32384,"date":"2021-04-27T00:00:59","date_gmt":"2021-04-27T03:00:59","guid":{"rendered":"https:\/\/vocesdebaires.com.ar\/?p=32384"},"modified":"2021-04-26T23:37:02","modified_gmt":"2021-04-27T02:37:02","slug":"consejos-para-la-recoleccion-de-hojas-en-epoca-otonal","status":"publish","type":"post","link":"https:\/\/vocesdebaires.com.ar\/index.php\/2021\/04\/27\/consejos-para-la-recoleccion-de-hojas-en-epoca-otonal\/","title":{"rendered":"Consejos para la recolecci\u00f3n de hojas en \u00e9poca oto\u00f1al"},"content":{"rendered":"<p>Las hojas de los \u00e1rboles cuando caen, con mayor frecuencia, obstruyen el paso del agua de lluvia. Por eso, te dejamos un consejo muy importante para seguir durante el oto\u00f1o y as\u00ed adelantarnos a las tormentas. Sab\u00edas que se pueden compostar. Las hojas son restos verdes que se pueden compostar. Por eso, aseg\u00farate de que no tengan otros residuos livianos como colillas de cigarrillo y envoltorios pl\u00e1sticos cuando las juntes y llevalas a los Puntos Verdes durante los #JuevesDeOrg\u00e1nicos de 11 a 15 hs.<\/p>\n<p><strong>Comuna 1:<\/strong>Plaza Vera Pe\u00f1aloza (San Juan y Chacabuco)<br \/>\n<strong>Comuna 2:<\/strong>Plaza Petronila Rodr\u00edguez (Paraguay y Rodr\u00edguez Pe\u00f1a)<br \/>\n<strong>Comuna 3:<\/strong>Plaza Manzana 66 (Moreno y Jujuy)<br \/>\n<strong>Comuna 4:<\/strong>Plaza Colombia (Av. Montes de Oca y Brandsen)<br \/>\n<strong>Comuna 5:<\/strong>Plaza Boedo (Estados Unidos y S\u00e1nchez de Loria).Plaza Almagro (Sarmiento y Bulnes)<br \/>\n<strong>Comuna 6:<\/strong>Parque Rivadavia (Av. Rivadavia y Florencio Balcarce)<br \/>\n<strong>Comuna 7:<\/strong>Plaza de la Misericordia (Lautaro y Francisco Bilbao)<br \/>\n<strong>Comuna 8:<\/strong>Estaci\u00f3n Lugano (Delf\u00edn Gallo y Martiniano Leguizam\u00f3n)<br \/>\n<strong>Comuna 9:<\/strong>Plaza R\u00f3mulo Zabala (Ercilla 7502)<br \/>\n<strong>Comuna 10:<\/strong>Plaza V\u00e9lez S\u00e1rsfield Chivilcoy y Bogot\u00e1)<br \/>\n<strong>Comuna 11:<\/strong>Plaza Arist\u00f3bulo del Valle (Campana y Baigorria)<br \/>\n<strong>Comuna 12:<\/strong>Plaza Zapiola (Juramento y Donado)<br \/>\n<strong>Comuna 13:<\/strong>Plaza Manuel Belgrano (Cuba y Juramento)<br \/>\n<strong>Comuna 14:<\/strong> Parque Las Heras (Salguero 2450). Plaza Armenia (Malabia y Nicaragua)<br \/>\n<strong>Comuna 15:<\/strong> Parque Los Andes (Av. Dorrego y Guzm\u00e1n)<br \/>\nEsta acci\u00f3n es un complemento al servicio de recolecci\u00f3n que el Ministerio de Espacio P\u00fablico e Higiene Urbana realiza a diario en todas las calles de la Ciudad. En \u00e9poca oto\u00f1al, la ca\u00edda de hojas es mayor que en cualquier \u00e9poca del a\u00f1o , por eso, tu ayuda es fundamental para disminuir la cantidad de hojas en la vereda y evitar que las alcantarillas se tapen.<\/p>\n","protected":false},"excerpt":{"rendered":"<p>Las hojas de los \u00e1rboles cuando caen, con mayor frecuencia, obstruyen el paso del agua de lluvia. Por eso, te dejamos un consejo muy importante para seguir durante el oto\u00f1o y as\u00ed adelantarnos a las tormentas. Sab\u00edas que se pueden compostar. Las hojas son restos verdes que se pueden compostar. Por eso, aseg\u00farate de que [&hellip;]<\/p>\n","protected":false},"author":3,"featured_media":32385,"comment_status":"open","ping_status":"open","sticky":false,"template":"","format":"standard","meta":{"_et_pb_use_builder":"","_et_pb_old_content":"","_et_gb_content_width":"","footnotes":""},"categories":[32,33],"tags":[],"class_list":["post-32384","post","type-post","status-publish","format-standard","has-post-thumbnail","hentry","category-comunas","category-sociedad-y-cultura-2"],"_links":{"self":[{"href":"https:\/\/vocesdebaires.com.ar\/index.php\/wp-json\/wp\/v2\/posts\/32384"}],"collection":[{"href":"https:\/\/vocesdebaires.com.ar\/index.php\/wp-json\/wp\/v2\/posts"}],"about":[{"href":"https:\/\/vocesdebaires.com.ar\/index.php\/wp-json\/wp\/v2\/types\/post"}],"author":[{"embeddable":true,"href":"https:\/\/vocesdebaires.com.ar\/index.php\/wp-json\/wp\/v2\/users\/3"}],"replies":[{"embeddable":true,"href":"https:\/\/vocesdebaires.com.ar\/index.php\/wp-json\/wp\/v2\/comments?post=32384"}],"version-history":[{"count":1,"href":"https:\/\/vocesdebaires.com.ar\/index.php\/wp-json\/wp\/v2\/posts\/32384\/revisions"}],"predecessor-version":[{"id":32386,"href":"https:\/\/vocesdebaires.com.ar\/index.php\/wp-json\/wp\/v2\/posts\/32384\/revisions\/32386"}],"wp:featuredmedia":[{"embeddable":true,"href":"https:\/\/vocesdebaires.com.ar\/index.php\/wp-json\/wp\/v2\/media\/32385"}],"wp:attachment":[{"href":"https:\/\/vocesdebaires.com.ar\/index.php\/wp-json\/wp\/v2\/media?parent=32384"}],"wp:term":[{"taxonomy":"category","embeddable":true,"href":"https:\/\/vocesdebaires.com.ar\/index.php\/wp-json\/wp\/v2\/categories?post=32384"},{"taxonomy":"post_tag","embeddable":true,"href":"https:\/\/vocesdebaires.com.ar\/index.php\/wp-json\/wp\/v2\/tags?post=32384"}],"curies":[{"name":"wp","href":"https:\/\/api.w.org\/{rel}","templated":true}]}}