{"id":32395,"date":"2021-04-27T00:00:41","date_gmt":"2021-04-27T03:00:41","guid":{"rendered":"https:\/\/vocesdebaires.com.ar\/?p=32395"},"modified":"2021-04-27T00:02:29","modified_gmt":"2021-04-27T03:02:29","slug":"almagrodesmontan-espectaculo-de-tango-en-la-calle","status":"publish","type":"post","link":"https:\/\/vocesdebaires.com.ar\/index.php\/2021\/04\/27\/almagrodesmontan-espectaculo-de-tango-en-la-calle\/","title":{"rendered":"Almagro:Desmontan espect\u00e1culo de tango en la calle\u00a0"},"content":{"rendered":"<p>La Polic\u00eda de la Ciudad junto al Cuerpo de Investigaciones Judiciales (CIJ) y distintas dependencias del gobierno porte\u00f1o desmontaron un espect\u00e1culo en la calle frente a un tango bar en el barrio de Almagro y secuestraron el escenario, parlantes y el mobiliario por ocupaci\u00f3n indebida de espacio p\u00fablico. El operativo se realiz\u00f3 en horas de la noche en un local ubicado en Humahuaca al 4300, por orden de la Fiscal\u00eda Penal, Contravencional y de Faltas 20, a cargo del Dr. Juan Rozas, secretar\u00eda del Dr. Maximiliano Gervasi.<\/p>\n<p>En el procedimiento participaron personal de la Divisi\u00f3n Operaciones Especiales Requeridas por el Ministerio P\u00fablico de la Polic\u00eda de la Ciudad, el CIJ, la Direcci\u00f3n General de Fiscalizaci\u00f3n de Espacio P\u00fablico, la Agencia Gubernamental de Control (AGC) y la Direcci\u00f3n General de Fiscalizaci\u00f3n y Control de la Ciudad. Arribados al lugar, los oficiales hallaron un local de tango, que hab\u00eda organizado en la v\u00eda p\u00fablica un espect\u00e1culo musical, montado en un peque\u00f1o escenario, y varios concurrentes. Los funcionarios, por orden de la fiscal\u00eda, procedieron al secuestro de los elementos que se hallaban en la vereda, entre ellos el escenario, un parlante, una consola, sillas, mesas y banquetas, labr\u00e1ndose acta por infracci\u00f3n a los art\u00edculos 98 y 99 del C\u00f3digo Contravencional de la Ciudad, sobre ocupaci\u00f3n indebida de espacio p\u00fablico.<\/p>\n","protected":false},"excerpt":{"rendered":"<p>La Polic\u00eda de la Ciudad junto al Cuerpo de Investigaciones Judiciales (CIJ) y distintas dependencias del gobierno porte\u00f1o desmontaron un espect\u00e1culo en la calle frente a un tango bar en el barrio de Almagro y secuestraron el escenario, parlantes y el mobiliario por ocupaci\u00f3n indebida de espacio p\u00fablico. El operativo se realiz\u00f3 en horas de [&hellip;]<\/p>\n","protected":false},"author":2,"featured_media":32398,"comment_status":"open","ping_status":"open","sticky":false,"template":"","format":"standard","meta":{"_et_pb_use_builder":"","_et_pb_old_content":"","_et_gb_content_width":"","footnotes":""},"categories":[11,32,33],"tags":[],"class_list":["post-32395","post","type-post","status-publish","format-standard","has-post-thumbnail","hentry","category-ciudad","category-comunas","category-sociedad-y-cultura-2"],"_links":{"self":[{"href":"https:\/\/vocesdebaires.com.ar\/index.php\/wp-json\/wp\/v2\/posts\/32395"}],"collection":[{"href":"https:\/\/vocesdebaires.com.ar\/index.php\/wp-json\/wp\/v2\/posts"}],"about":[{"href":"https:\/\/vocesdebaires.com.ar\/index.php\/wp-json\/wp\/v2\/types\/post"}],"author":[{"embeddable":true,"href":"https:\/\/vocesdebaires.com.ar\/index.php\/wp-json\/wp\/v2\/users\/2"}],"replies":[{"embeddable":true,"href":"https:\/\/vocesdebaires.com.ar\/index.php\/wp-json\/wp\/v2\/comments?post=32395"}],"version-history":[{"count":1,"href":"https:\/\/vocesdebaires.com.ar\/index.php\/wp-json\/wp\/v2\/posts\/32395\/revisions"}],"predecessor-version":[{"id":32397,"href":"https:\/\/vocesdebaires.com.ar\/index.php\/wp-json\/wp\/v2\/posts\/32395\/revisions\/32397"}],"wp:featuredmedia":[{"embeddable":true,"href":"https:\/\/vocesdebaires.com.ar\/index.php\/wp-json\/wp\/v2\/media\/32398"}],"wp:attachment":[{"href":"https:\/\/vocesdebaires.com.ar\/index.php\/wp-json\/wp\/v2\/media?parent=32395"}],"wp:term":[{"taxonomy":"category","embeddable":true,"href":"https:\/\/vocesdebaires.com.ar\/index.php\/wp-json\/wp\/v2\/categories?post=32395"},{"taxonomy":"post_tag","embeddable":true,"href":"https:\/\/vocesdebaires.com.ar\/index.php\/wp-json\/wp\/v2\/tags?post=32395"}],"curies":[{"name":"wp","href":"https:\/\/api.w.org\/{rel}","templated":true}]}}