{"id":32433,"date":"2021-04-29T00:00:51","date_gmt":"2021-04-29T03:00:51","guid":{"rendered":"https:\/\/vocesdebaires.com.ar\/?p=32433"},"modified":"2021-04-28T20:06:34","modified_gmt":"2021-04-28T23:06:34","slug":"la-agc-continua-los-controlando-a-locales-comerciales","status":"publish","type":"post","link":"https:\/\/vocesdebaires.com.ar\/index.php\/2021\/04\/29\/la-agc-continua-los-controlando-a-locales-comerciales\/","title":{"rendered":"La AGC contin\u00faa los controlando a locales comerciales"},"content":{"rendered":"<p>La Agencia Gubernamental de Control, contin\u00faa recorriendo los diferentes locales comerciales de la Ciudad, entre ellos, los diferentes polos gastron\u00f3micos, con el objetivo de fiscalizar el cumplimiento de las medidas definidas por el DNU N\u00b0241, del Poder Ejecutivo Nacional.Desde la puesta en vigencia de esta medida, se realizan tareas de concientizaci\u00f3n y control acerca de los horarios de apertura permitidos y la utilizaci\u00f3n de los espacios habilitados para funcionar. En este sentido, bares y restaurantes pueden funcionar hasta las 19 hs en lugares habilitados al \u00abaire libre\u00bb (patios, veredas y terrazas), extendiendo ese horario solamente para la modalidad \u00abDelivery\u00bb y \u00abtake Away\u00bb. Desde la entrada en vigencia de esta normativa, se realizaron ocho clausuras preventivas de diferentes Establecimientos Gastron\u00f3micos que no cumpl\u00edan con lo normado.<\/p>\n","protected":false},"excerpt":{"rendered":"<p>La Agencia Gubernamental de Control, contin\u00faa recorriendo los diferentes locales comerciales de la Ciudad, entre ellos, los diferentes polos gastron\u00f3micos, con el objetivo de fiscalizar el cumplimiento de las medidas definidas por el DNU N\u00b0241, del Poder Ejecutivo Nacional.Desde la puesta en vigencia de esta medida, se realizan tareas de concientizaci\u00f3n y control acerca de [&hellip;]<\/p>\n","protected":false},"author":3,"featured_media":32434,"comment_status":"open","ping_status":"open","sticky":false,"template":"","format":"standard","meta":{"_et_pb_use_builder":"","_et_pb_old_content":"","_et_gb_content_width":"","footnotes":""},"categories":[11,32],"tags":[],"class_list":["post-32433","post","type-post","status-publish","format-standard","has-post-thumbnail","hentry","category-ciudad","category-comunas"],"_links":{"self":[{"href":"https:\/\/vocesdebaires.com.ar\/index.php\/wp-json\/wp\/v2\/posts\/32433"}],"collection":[{"href":"https:\/\/vocesdebaires.com.ar\/index.php\/wp-json\/wp\/v2\/posts"}],"about":[{"href":"https:\/\/vocesdebaires.com.ar\/index.php\/wp-json\/wp\/v2\/types\/post"}],"author":[{"embeddable":true,"href":"https:\/\/vocesdebaires.com.ar\/index.php\/wp-json\/wp\/v2\/users\/3"}],"replies":[{"embeddable":true,"href":"https:\/\/vocesdebaires.com.ar\/index.php\/wp-json\/wp\/v2\/comments?post=32433"}],"version-history":[{"count":1,"href":"https:\/\/vocesdebaires.com.ar\/index.php\/wp-json\/wp\/v2\/posts\/32433\/revisions"}],"predecessor-version":[{"id":32435,"href":"https:\/\/vocesdebaires.com.ar\/index.php\/wp-json\/wp\/v2\/posts\/32433\/revisions\/32435"}],"wp:featuredmedia":[{"embeddable":true,"href":"https:\/\/vocesdebaires.com.ar\/index.php\/wp-json\/wp\/v2\/media\/32434"}],"wp:attachment":[{"href":"https:\/\/vocesdebaires.com.ar\/index.php\/wp-json\/wp\/v2\/media?parent=32433"}],"wp:term":[{"taxonomy":"category","embeddable":true,"href":"https:\/\/vocesdebaires.com.ar\/index.php\/wp-json\/wp\/v2\/categories?post=32433"},{"taxonomy":"post_tag","embeddable":true,"href":"https:\/\/vocesdebaires.com.ar\/index.php\/wp-json\/wp\/v2\/tags?post=32433"}],"curies":[{"name":"wp","href":"https:\/\/api.w.org\/{rel}","templated":true}]}}