{"id":32473,"date":"2021-04-30T00:00:01","date_gmt":"2021-04-30T03:00:01","guid":{"rendered":"https:\/\/vocesdebaires.com.ar\/?p=32473"},"modified":"2021-04-29T23:46:32","modified_gmt":"2021-04-30T02:46:32","slug":"se-aprobo-una-ley-un-jardin-es-bien-patrimonial","status":"publish","type":"post","link":"https:\/\/vocesdebaires.com.ar\/index.php\/2021\/04\/30\/se-aprobo-una-ley-un-jardin-es-bien-patrimonial\/","title":{"rendered":"Se aprob\u00f3 una\u00a0 ley Un jard\u00edn es bien patrimonial\u00a0\u00a0"},"content":{"rendered":"<p>En segunda lectura y despu\u00e9s de haber sido tratado en Audiencia P\u00fablica, se sancion\u00f3 una ley que declara \u201cbien integrante del patrimonio hist\u00f3rico cultural\u201d de la Ciudad de Buenos Aires al jard\u00edn vertical formado por las letras BA, en la Plaza de la Rep\u00fablica, lugar donde se erige el Obelisco. El proyecto se aprob\u00f3 por 37 votos positivos, con la oposici\u00f3n del FdT que argument\u00f3 que esa obra ornamental no encuadrar\u00eda en la calificaci\u00f3n de monumento.<\/p>\n","protected":false},"excerpt":{"rendered":"<p>En segunda lectura y despu\u00e9s de haber sido tratado en Audiencia P\u00fablica, se sancion\u00f3 una ley que declara \u201cbien integrante del patrimonio hist\u00f3rico cultural\u201d de la Ciudad de Buenos Aires al jard\u00edn vertical formado por las letras BA, en la Plaza de la Rep\u00fablica, lugar donde se erige el Obelisco. El proyecto se aprob\u00f3 por [&hellip;]<\/p>\n","protected":false},"author":3,"featured_media":32475,"comment_status":"open","ping_status":"open","sticky":false,"template":"","format":"standard","meta":{"_et_pb_use_builder":"","_et_pb_old_content":"","_et_gb_content_width":"","footnotes":""},"categories":[32,33],"tags":[],"class_list":["post-32473","post","type-post","status-publish","format-standard","has-post-thumbnail","hentry","category-comunas","category-sociedad-y-cultura-2"],"_links":{"self":[{"href":"https:\/\/vocesdebaires.com.ar\/index.php\/wp-json\/wp\/v2\/posts\/32473"}],"collection":[{"href":"https:\/\/vocesdebaires.com.ar\/index.php\/wp-json\/wp\/v2\/posts"}],"about":[{"href":"https:\/\/vocesdebaires.com.ar\/index.php\/wp-json\/wp\/v2\/types\/post"}],"author":[{"embeddable":true,"href":"https:\/\/vocesdebaires.com.ar\/index.php\/wp-json\/wp\/v2\/users\/3"}],"replies":[{"embeddable":true,"href":"https:\/\/vocesdebaires.com.ar\/index.php\/wp-json\/wp\/v2\/comments?post=32473"}],"version-history":[{"count":1,"href":"https:\/\/vocesdebaires.com.ar\/index.php\/wp-json\/wp\/v2\/posts\/32473\/revisions"}],"predecessor-version":[{"id":32474,"href":"https:\/\/vocesdebaires.com.ar\/index.php\/wp-json\/wp\/v2\/posts\/32473\/revisions\/32474"}],"wp:featuredmedia":[{"embeddable":true,"href":"https:\/\/vocesdebaires.com.ar\/index.php\/wp-json\/wp\/v2\/media\/32475"}],"wp:attachment":[{"href":"https:\/\/vocesdebaires.com.ar\/index.php\/wp-json\/wp\/v2\/media?parent=32473"}],"wp:term":[{"taxonomy":"category","embeddable":true,"href":"https:\/\/vocesdebaires.com.ar\/index.php\/wp-json\/wp\/v2\/categories?post=32473"},{"taxonomy":"post_tag","embeddable":true,"href":"https:\/\/vocesdebaires.com.ar\/index.php\/wp-json\/wp\/v2\/tags?post=32473"}],"curies":[{"name":"wp","href":"https:\/\/api.w.org\/{rel}","templated":true}]}}