{"id":32495,"date":"2021-05-03T00:00:35","date_gmt":"2021-05-03T03:00:35","guid":{"rendered":"https:\/\/vocesdebaires.com.ar\/?p=32495"},"modified":"2021-05-02T20:17:35","modified_gmt":"2021-05-02T23:17:35","slug":"caballitocayo-banda-extranjera-que-robaba-bicicletas","status":"publish","type":"post","link":"https:\/\/vocesdebaires.com.ar\/index.php\/2021\/05\/03\/caballitocayo-banda-extranjera-que-robaba-bicicletas\/","title":{"rendered":"Caballito:Cay\u00f3 banda extranjera que robaba bicicletas\u00a0"},"content":{"rendered":"<p>La Polic\u00eda de la Ciudad detuvo en las \u00faltimas horas a cuatro delincuentes de nacionalidad colombiana que se dedicaban a robar bicicletas estacionadas en la v\u00eda p\u00fablica en el barrio de Caballito. Personal de la Divisi\u00f3n Sumarios y Brigadas de Prevenci\u00f3n de la Comuna 6 de la Polic\u00eda de la Ciudad observ\u00f3 a cuatro hombres que con una actitud sospechosa se acercaban hacia las bicicletas apostadas en las veredas sobre las avenidas Pedro Goyena y Moreno.<\/p>\n<p>Los efectivos los siguieron y captaron el momento en que uno de ellos extra\u00eda una pinza y cortaba la cadena que ataba una bicicleta con un poste. Ante esta situaci\u00f3n, los cuatro hombres fueron detenidos por los oficiales y al consultar con la Fiscal\u00eda Nacional, Criminal y Correccional N\u00famero 37, Secretar\u00eda del doctor Becerra, se dispuso el traslado de ellos a la Alcaid\u00eda de la Comuna 6 de la Polic\u00eda de la Ciudad.<\/p>\n","protected":false},"excerpt":{"rendered":"<p>La Polic\u00eda de la Ciudad detuvo en las \u00faltimas horas a cuatro delincuentes de nacionalidad colombiana que se dedicaban a robar bicicletas estacionadas en la v\u00eda p\u00fablica en el barrio de Caballito. Personal de la Divisi\u00f3n Sumarios y Brigadas de Prevenci\u00f3n de la Comuna 6 de la Polic\u00eda de la Ciudad observ\u00f3 a cuatro hombres [&hellip;]<\/p>\n","protected":false},"author":2,"featured_media":32496,"comment_status":"open","ping_status":"open","sticky":false,"template":"","format":"standard","meta":{"_et_pb_use_builder":"","_et_pb_old_content":"","_et_gb_content_width":"","footnotes":""},"categories":[32,33],"tags":[],"class_list":["post-32495","post","type-post","status-publish","format-standard","has-post-thumbnail","hentry","category-comunas","category-sociedad-y-cultura-2"],"_links":{"self":[{"href":"https:\/\/vocesdebaires.com.ar\/index.php\/wp-json\/wp\/v2\/posts\/32495"}],"collection":[{"href":"https:\/\/vocesdebaires.com.ar\/index.php\/wp-json\/wp\/v2\/posts"}],"about":[{"href":"https:\/\/vocesdebaires.com.ar\/index.php\/wp-json\/wp\/v2\/types\/post"}],"author":[{"embeddable":true,"href":"https:\/\/vocesdebaires.com.ar\/index.php\/wp-json\/wp\/v2\/users\/2"}],"replies":[{"embeddable":true,"href":"https:\/\/vocesdebaires.com.ar\/index.php\/wp-json\/wp\/v2\/comments?post=32495"}],"version-history":[{"count":1,"href":"https:\/\/vocesdebaires.com.ar\/index.php\/wp-json\/wp\/v2\/posts\/32495\/revisions"}],"predecessor-version":[{"id":32497,"href":"https:\/\/vocesdebaires.com.ar\/index.php\/wp-json\/wp\/v2\/posts\/32495\/revisions\/32497"}],"wp:featuredmedia":[{"embeddable":true,"href":"https:\/\/vocesdebaires.com.ar\/index.php\/wp-json\/wp\/v2\/media\/32496"}],"wp:attachment":[{"href":"https:\/\/vocesdebaires.com.ar\/index.php\/wp-json\/wp\/v2\/media?parent=32495"}],"wp:term":[{"taxonomy":"category","embeddable":true,"href":"https:\/\/vocesdebaires.com.ar\/index.php\/wp-json\/wp\/v2\/categories?post=32495"},{"taxonomy":"post_tag","embeddable":true,"href":"https:\/\/vocesdebaires.com.ar\/index.php\/wp-json\/wp\/v2\/tags?post=32495"}],"curies":[{"name":"wp","href":"https:\/\/api.w.org\/{rel}","templated":true}]}}