{"id":3251,"date":"2019-04-11T03:00:00","date_gmt":"2019-04-11T06:00:00","guid":{"rendered":"http:\/\/vocesdebaires.com.ar\/wordpress\/index.php\/2019\/04\/11\/espana-e-italia-firmaron-un-importante-convenio\/"},"modified":"2019-04-11T03:00:00","modified_gmt":"2019-04-11T06:00:00","slug":"espana-e-italia-firmaron-un-importante-convenio","status":"publish","type":"post","link":"https:\/\/vocesdebaires.com.ar\/index.php\/2019\/04\/11\/espana-e-italia-firmaron-un-importante-convenio\/","title":{"rendered":"Espa\u00f1a e Italia firmaron un importante convenio"},"content":{"rendered":"<p>El pasado marte, en el sal\u00f3n San Mart\u00edn sirvi\u00f3 de sede para la firma del convenio sociocultural entre las colectividades de Espa\u00f1a e Italia, representadas por la Federaci\u00f3n de Sociedades Espa\u00f1olas (FEDESPA) y la Confederaci\u00f3n de Federaciones Italianas en Argentina (FEDITALIA).\u00a0 El acto fue encabezado por el Vicepresidente I de la Legislatura, Francisco Quintana.\u201cEs un enorme orgullo recibirlos y m\u00e1s para un hecho sin precedentes como el de hoy. El acuerdo que se celebra es un largo camino de colaboraci\u00f3n y entendimiento entre las dos comunidades m\u00e1s numerosas y trascendentes del pa\u00eds\u201d, se\u00f1al\u00f3 Quintana.<\/p>\n<p>Luego del Vicepresidente I, tom\u00f3 la palabra el secretario de Derechos Humanos y Pluralismo Cultural de la Naci\u00f3n, Claudio Avruj, quien asegur\u00f3 que \u201csomos herederos de una Argentina que se distingue por su pluralidad\u201d. A su vez agreg\u00f3 que el convenio celebrado \u201c es un compromiso con el pasado y el futuro\u201d.Despu\u00e9s lleg\u00f3 el tiempo de la firma del convenio entre Benito Blanco, por FEDESPA y Julio Croci, por FEDEITALIA. Entre lo rubricado se incluye la organizaci\u00f3n de un viaje en barco desde Buenos Aires rumbo a Espa\u00f1a e Italia, realizando el mismo trayecto que hicieron los inmigrantes que llegaron al pa\u00eds entre finales del Siglo XIX y mediados del Siglo XX. A modo de cierre hubo shows musicales con canciones t\u00edpicas de ambos pa\u00edses europeos.<\/p>\n<p>En el evento tambi\u00e9n dijeron presente la legisladora Carolina Estebarena (VJ), el subsecretario de Relaciones Pol\u00edticas e Institucionales, Diego Capuya, funcionarios diplom\u00e1ticos de Espa\u00f1a e Italia y representantes de distintas asociaciones culturales y deportivas, entre otros. Este mediod\u00eda, el sal\u00f3n San Mart\u00edn sirvi\u00f3 de sede para la firma del convenio sociocultural entre las colectividades de Espa\u00f1a e Italia, representadas por la Federaci\u00f3n de Sociedades Espa\u00f1olas (FEDESPA) y la Confederaci\u00f3n de Federaciones Italianas en Argentina (FEDITALIA).\u00a0 El acto fue encabezado por el Vicepresidente I de la Legislatura, Francisco Quintana.<\/p>\n<p>\u201cEs un enorme orgullo recibirlos y m\u00e1s para un hecho sin precedentes como el de hoy. El acuerdo que se celebra es un largo camino de colaboraci\u00f3n y entendimiento entre las dos comunidades m\u00e1s numerosas y trascendentes del pa\u00eds\u201d, se\u00f1al\u00f3 Quintana. Luego del Vicepresidente I, tom\u00f3 la palabra el secretario de Derechos Humanos y Pluralismo Cultural de la Naci\u00f3n, Claudio Avruj, quien asegur\u00f3 que \u201csomos herederos de una Argentina que se distingue por su pluralidad\u201d. A su vez agreg\u00f3 que el convenio celebrado \u201c es un compromiso con el pasado y el futuro\u201d.<\/p>\n<p>Despu\u00e9s lleg\u00f3 el tiempo de la firma del convenio entre Benito Blanco, por FEDESPA y Julio Croci, por FEDEITALIA. Entre lo rubricado se incluye la organizaci\u00f3n de un viaje en barco desde Buenos Aires rumbo a Espa\u00f1a e Italia, realizando el mismo trayecto que hicieron los inmigrantes que llegaron al pa\u00eds entre finales del Siglo XIX y mediados del Siglo XX. A modo de cierre hubo un show musicales con canciones t\u00edpicas de ambos pa\u00edses europeos. En el evento tambi\u00e9n dijeron presente la legisladora Carolina Estebarena (VJ), el subsecretario de Relaciones Pol\u00edticas e Institucionales, Diego Capuya, funcionarios diplom\u00e1ticos de Espa\u00f1a e Italia y representantes de distintas asociaciones culturales y deportivas, entre otros.<\/p>\n","protected":false},"excerpt":{"rendered":"<p>El pasado marte, en el sal\u00f3n San Mart\u00edn sirvi\u00f3 de sede para la firma del convenio sociocultural entre las colectividades de Espa\u00f1a e Italia, representadas por la Federaci\u00f3n de Sociedades Espa\u00f1olas (FEDESPA) y la Confederaci\u00f3n de Federaciones Italianas en Argentina (FEDITALIA).\u00a0 El acto fue encabezado por el Vicepresidente I de la Legislatura, Francisco Quintana.\u201cEs un [&hellip;]<\/p>\n","protected":false},"author":1,"featured_media":3252,"comment_status":"open","ping_status":"open","sticky":false,"template":"","format":"standard","meta":{"_et_pb_use_builder":"","_et_pb_old_content":"","_et_gb_content_width":"","footnotes":""},"categories":[11,33],"tags":[],"class_list":["post-3251","post","type-post","status-publish","format-standard","has-post-thumbnail","hentry","category-ciudad","category-sociedad-y-cultura-2"],"_links":{"self":[{"href":"https:\/\/vocesdebaires.com.ar\/index.php\/wp-json\/wp\/v2\/posts\/3251"}],"collection":[{"href":"https:\/\/vocesdebaires.com.ar\/index.php\/wp-json\/wp\/v2\/posts"}],"about":[{"href":"https:\/\/vocesdebaires.com.ar\/index.php\/wp-json\/wp\/v2\/types\/post"}],"author":[{"embeddable":true,"href":"https:\/\/vocesdebaires.com.ar\/index.php\/wp-json\/wp\/v2\/users\/1"}],"replies":[{"embeddable":true,"href":"https:\/\/vocesdebaires.com.ar\/index.php\/wp-json\/wp\/v2\/comments?post=3251"}],"version-history":[{"count":0,"href":"https:\/\/vocesdebaires.com.ar\/index.php\/wp-json\/wp\/v2\/posts\/3251\/revisions"}],"wp:featuredmedia":[{"embeddable":true,"href":"https:\/\/vocesdebaires.com.ar\/index.php\/wp-json\/wp\/v2\/media\/3252"}],"wp:attachment":[{"href":"https:\/\/vocesdebaires.com.ar\/index.php\/wp-json\/wp\/v2\/media?parent=3251"}],"wp:term":[{"taxonomy":"category","embeddable":true,"href":"https:\/\/vocesdebaires.com.ar\/index.php\/wp-json\/wp\/v2\/categories?post=3251"},{"taxonomy":"post_tag","embeddable":true,"href":"https:\/\/vocesdebaires.com.ar\/index.php\/wp-json\/wp\/v2\/tags?post=3251"}],"curies":[{"name":"wp","href":"https:\/\/api.w.org\/{rel}","templated":true}]}}