{"id":32523,"date":"2021-05-04T00:00:46","date_gmt":"2021-05-04T03:00:46","guid":{"rendered":"https:\/\/vocesdebaires.com.ar\/?p=32523"},"modified":"2021-05-03T23:40:59","modified_gmt":"2021-05-04T02:40:59","slug":"ciudad-desbarato-fiesta-clandestina-en-el-barrio-fraga","status":"publish","type":"post","link":"https:\/\/vocesdebaires.com.ar\/index.php\/2021\/05\/04\/ciudad-desbarato-fiesta-clandestina-en-el-barrio-fraga\/","title":{"rendered":"Ciudad desbarat\u00f3 fiesta clandestina en el Barrio Fraga"},"content":{"rendered":"<p>La Polic\u00eda de la Ciudad desarticul\u00f3 en las \u00faltimas horas una fiesta clandestina que se estaba desarrollando en el Barrio Fraga, en Paternal, incumpliendo la normativa vigente. El hecho ocurri\u00f3 por la noche cuando efectivos de la Comisar\u00eda Vecinal 15A se desplazaron hasta una vivienda ubicada en la manzana 9, en el citado barrio de emergencia, por una denuncia de ruidos molestos.Cuando los agentes llegaron constataron la presencia de m\u00fasica que proven\u00eda de un pasillo, parlantes y un equipo de sonido con unas siete personas bailando en un espacio cerrado.<\/p>\n<p>Al consultar con la propietaria, la misma manifest\u00f3 que estaban celebrando un cumplea\u00f1os con familiares que no eran de la zona, por lo que se procedi\u00f3 a desalentar dicha reuni\u00f3n. En la causa intervino la Fiscal\u00eda Penal, Contravencional y de Faltas N\u00ba4, a cargo del Dr. Tereszko, Secretar\u00eda \u00danica del \u00e1rea de flagrancia de la Dra. Ram\u00edrez, que dispuso la notificaci\u00f3n de los siete presentes, de entre 19 y 55 a\u00f1os, de los cuales seis eran de nacionalidad peruana.<\/p>\n","protected":false},"excerpt":{"rendered":"<p>La Polic\u00eda de la Ciudad desarticul\u00f3 en las \u00faltimas horas una fiesta clandestina que se estaba desarrollando en el Barrio Fraga, en Paternal, incumpliendo la normativa vigente. El hecho ocurri\u00f3 por la noche cuando efectivos de la Comisar\u00eda Vecinal 15A se desplazaron hasta una vivienda ubicada en la manzana 9, en el citado barrio de [&hellip;]<\/p>\n","protected":false},"author":2,"featured_media":32524,"comment_status":"open","ping_status":"open","sticky":false,"template":"","format":"standard","meta":{"_et_pb_use_builder":"","_et_pb_old_content":"","_et_gb_content_width":"","footnotes":""},"categories":[32,33],"tags":[],"class_list":["post-32523","post","type-post","status-publish","format-standard","has-post-thumbnail","hentry","category-comunas","category-sociedad-y-cultura-2"],"_links":{"self":[{"href":"https:\/\/vocesdebaires.com.ar\/index.php\/wp-json\/wp\/v2\/posts\/32523"}],"collection":[{"href":"https:\/\/vocesdebaires.com.ar\/index.php\/wp-json\/wp\/v2\/posts"}],"about":[{"href":"https:\/\/vocesdebaires.com.ar\/index.php\/wp-json\/wp\/v2\/types\/post"}],"author":[{"embeddable":true,"href":"https:\/\/vocesdebaires.com.ar\/index.php\/wp-json\/wp\/v2\/users\/2"}],"replies":[{"embeddable":true,"href":"https:\/\/vocesdebaires.com.ar\/index.php\/wp-json\/wp\/v2\/comments?post=32523"}],"version-history":[{"count":1,"href":"https:\/\/vocesdebaires.com.ar\/index.php\/wp-json\/wp\/v2\/posts\/32523\/revisions"}],"predecessor-version":[{"id":32525,"href":"https:\/\/vocesdebaires.com.ar\/index.php\/wp-json\/wp\/v2\/posts\/32523\/revisions\/32525"}],"wp:featuredmedia":[{"embeddable":true,"href":"https:\/\/vocesdebaires.com.ar\/index.php\/wp-json\/wp\/v2\/media\/32524"}],"wp:attachment":[{"href":"https:\/\/vocesdebaires.com.ar\/index.php\/wp-json\/wp\/v2\/media?parent=32523"}],"wp:term":[{"taxonomy":"category","embeddable":true,"href":"https:\/\/vocesdebaires.com.ar\/index.php\/wp-json\/wp\/v2\/categories?post=32523"},{"taxonomy":"post_tag","embeddable":true,"href":"https:\/\/vocesdebaires.com.ar\/index.php\/wp-json\/wp\/v2\/tags?post=32523"}],"curies":[{"name":"wp","href":"https:\/\/api.w.org\/{rel}","templated":true}]}}