{"id":32529,"date":"2021-05-04T00:00:20","date_gmt":"2021-05-04T03:00:20","guid":{"rendered":"https:\/\/vocesdebaires.com.ar\/?p=32529"},"modified":"2021-05-03T23:50:02","modified_gmt":"2021-05-04T02:50:02","slug":"floresrescataron-perros-que-vivian-en-condiciones-indignas","status":"publish","type":"post","link":"https:\/\/vocesdebaires.com.ar\/index.php\/2021\/05\/04\/floresrescataron-perros-que-vivian-en-condiciones-indignas\/","title":{"rendered":"Flores:Rescataron perros que viv\u00edan en condiciones indignas"},"content":{"rendered":"<p>Durante un allanamiento a una vivienda del barrio de Flores, la Polic\u00eda de la Ciudad rescat\u00f3 en las \u00faltimas horas a 16 perros que viv\u00edan en condiciones de abandono y desnutrici\u00f3n.<br \/>\nIntervinieron en el procedimiento en la vivienda ubicada en la calle Culpina al 1000, la Divisi\u00f3n de Investigaciones Delictivas de la Polic\u00eda de la Ciudad, la Divisi\u00f3n Canes y la Gerencia Operativa de Sanidad de Mascotas dependiente de la Agencia de Protecci\u00f3n Ambiental.<\/p>\n<p>El allanamiento fue ordenado por el Juzgado N\u00famero 16, a cargo de la doctora Claudia \u00c1lvaro, luego de una serie de denuncias de vecinos, que indicaron que la propietaria de la casa maltrataba a los animales. Actu\u00f3 en el caso, la Unidad Fiscal Especializada en Material Ambiental, a cargo del doctor Carlos Rolero Santuri\u00e1n.Al ingresar en el domicilio, los efectivos observaron a la mujer imputada, que al notar la presencia policial se trep\u00f3 por los techos y comenz\u00f3 a caminar por las cornisas de las casas vecinas. Adem\u00e1s, trat\u00f3 de agredir a los polic\u00edas y amenaz\u00f3 con quitarse la vida.<\/p>\n<p>Por este motivo, se solicit\u00f3 la presencia del Grupo Especial de Rescate de Bomberos de la Ciudad (GER), que logr\u00f3 reducirla y bajarla de los techos de forma ilesa. Momentos despu\u00e9s, fue atendida por personal del SAME, que dispuso su traslado al Hospital Pi\u00f1ero para una evaluaci\u00f3n psiqui\u00e1trica. En cuanto a la vivienda, se corrobor\u00f3 que se trataba de un lugar sin los servicios b\u00e1sicos, como luz y gas, y que no reun\u00eda las condiciones de habitabilidad. Los animales rescatados fueron llevados a la ONG Callejeritos de Flores.<\/p>\n","protected":false},"excerpt":{"rendered":"<p>Durante un allanamiento a una vivienda del barrio de Flores, la Polic\u00eda de la Ciudad rescat\u00f3 en las \u00faltimas horas a 16 perros que viv\u00edan en condiciones de abandono y desnutrici\u00f3n. Intervinieron en el procedimiento en la vivienda ubicada en la calle Culpina al 1000, la Divisi\u00f3n de Investigaciones Delictivas de la Polic\u00eda de la [&hellip;]<\/p>\n","protected":false},"author":2,"featured_media":32530,"comment_status":"open","ping_status":"open","sticky":false,"template":"","format":"standard","meta":{"_et_pb_use_builder":"","_et_pb_old_content":"","_et_gb_content_width":"","footnotes":""},"categories":[32,33],"tags":[],"class_list":["post-32529","post","type-post","status-publish","format-standard","has-post-thumbnail","hentry","category-comunas","category-sociedad-y-cultura-2"],"_links":{"self":[{"href":"https:\/\/vocesdebaires.com.ar\/index.php\/wp-json\/wp\/v2\/posts\/32529"}],"collection":[{"href":"https:\/\/vocesdebaires.com.ar\/index.php\/wp-json\/wp\/v2\/posts"}],"about":[{"href":"https:\/\/vocesdebaires.com.ar\/index.php\/wp-json\/wp\/v2\/types\/post"}],"author":[{"embeddable":true,"href":"https:\/\/vocesdebaires.com.ar\/index.php\/wp-json\/wp\/v2\/users\/2"}],"replies":[{"embeddable":true,"href":"https:\/\/vocesdebaires.com.ar\/index.php\/wp-json\/wp\/v2\/comments?post=32529"}],"version-history":[{"count":1,"href":"https:\/\/vocesdebaires.com.ar\/index.php\/wp-json\/wp\/v2\/posts\/32529\/revisions"}],"predecessor-version":[{"id":32531,"href":"https:\/\/vocesdebaires.com.ar\/index.php\/wp-json\/wp\/v2\/posts\/32529\/revisions\/32531"}],"wp:featuredmedia":[{"embeddable":true,"href":"https:\/\/vocesdebaires.com.ar\/index.php\/wp-json\/wp\/v2\/media\/32530"}],"wp:attachment":[{"href":"https:\/\/vocesdebaires.com.ar\/index.php\/wp-json\/wp\/v2\/media?parent=32529"}],"wp:term":[{"taxonomy":"category","embeddable":true,"href":"https:\/\/vocesdebaires.com.ar\/index.php\/wp-json\/wp\/v2\/categories?post=32529"},{"taxonomy":"post_tag","embeddable":true,"href":"https:\/\/vocesdebaires.com.ar\/index.php\/wp-json\/wp\/v2\/tags?post=32529"}],"curies":[{"name":"wp","href":"https:\/\/api.w.org\/{rel}","templated":true}]}}