{"id":3253,"date":"2019-04-11T03:00:00","date_gmt":"2019-04-11T06:00:00","guid":{"rendered":"http:\/\/vocesdebaires.com.ar\/wordpress\/index.php\/2019\/04\/11\/ciudadania-ilustre-a-una-jurista-notable\/"},"modified":"2019-04-11T03:00:00","modified_gmt":"2019-04-11T06:00:00","slug":"ciudadania-ilustre-a-una-jurista-notable","status":"publish","type":"post","link":"https:\/\/vocesdebaires.com.ar\/index.php\/2019\/04\/11\/ciudadania-ilustre-a-una-jurista-notable\/","title":{"rendered":"Ciudadan\u00eda ilustre a una jurista notable"},"content":{"rendered":"<p>Por iniciativa de la legisladora L\u00eda Rueda (VJ) y con la aprobaci\u00f3n del cuerpo parlamentario, la abogada y docente universitaria Mar\u00eda Ang\u00e9lica Gelli fue declarada el pasado martes por la noche Ciudadana Ilustre de la Ciudad Aut\u00f3noma de Buenos Aires, en m\u00e9rito a su trayectoria y aportes al estado de derecho. &quot;El derecho es una creaci\u00f3n fant\u00e1stica de las personas para resolver los conflictos sin violencia&quot;, sentenci\u00f3 la homenajeada tras recibir diploma y medalla de Ciudadana Ilustre. Agradeci\u00f3 a los legisladores que propusieron su nombre y a &quot;\u00a1tantos maestros del derecho!&quot;, as\u00ed como alumnos &quot;porque nos ense\u00f1an mucho y ense\u00f1ando es como mejor se aprende&quot;, explic\u00f3.<\/p>\n<p>La doctora Gelli, que de jovencita lleg\u00f3 a Buenos Aires (desde su natal Bah\u00eda Blanca) para estudiar en la Facultad de Derecho y vivir en una residencia de se\u00f1oritas, &quot;todo en esta capital era deslumbrante y desde entonces la Ciudad pas\u00f3 a ser para m\u00ed un amor imperecedero&quot;. Si bien eludi\u00f3 hacer un discurso de todo magistral, igual lanz\u00f3 algunas sentencias de profundo contenido: &quot;Una trayectoria acad\u00e9mica y profesional no se construye en soledad&quot;, sostuvo, antes de empezar la nomina de agradecimientos.<\/p>\n<p>Tambi\u00e9n inst\u00f3 a los legisladores locales a asumir plenamente sus responsabilidades en tanto Buenos Aires es un distrito que cada vez tiene m\u00e1s autonom\u00eda institucional. Los invit\u00f3 a crear las normas para &quot;construir una Ciudad cada vez m\u00e1s abierta y generosa para los porte\u00f1os, para todos los argentinos porque esta Ciudad es de todos los argentinos y para todos los extranjeros que quieran habitar el suyelo argentino, como dice la Constituci\u00f3n&quot;, manifest\u00f3 la ponderada experta en leyes.Sobre el final, parafrase\u00f3 a Pedro Fr\u00edas al rezar: &quot;Cuando mueren las ilusiones, todav\u00eda nos quedan los deberes&quot;. E inmediatamente acot\u00f3: &quot;Yo agregar\u00eda que cuando se cumplen los deberes, vuelven las ilusiones&quot;.<\/p>\n<p>El acto de distinci\u00f3n se realiz\u00f3 en el sal\u00f3n Dorado Hip\u00f3lito Yrigoyen del palacio parlamentario porte\u00f1o, ante la presencia de destacadas personalidades del derecho, como Ricardo Gil Lavedra, Ricardo Monner Sans, In\u00e9s M\u00f3nica Weinberg (presidenta del Tribunal Superior de Justicia), Alfonso Santiago (Universidad Austral), Pablo Garat (decano de Derecho en la UCA), directivos de la Academia de Ciencia Morales y Pol\u00edticas y de la Fundaci\u00f3n Conciencia, entre otros.<\/p>\n<p>La autora de la iniciativa de ley para galardonar a la Dra. Gelli fue la\u00a0legisladora \u00a0L\u00eda Rueda, quien dio la bienvenida a &quot;una persona de bien y de innumerables virtudes, que hace que sea un honor para la Ciudad tenerla de Ciudadana Ilustre&quot;. Varios\u00a0legisladores \u00a0del bloque oficialista fueron coautores del proyecto, incluidos el vicepresidente primero de la Legislatura, Francisco Quintana; el jefe de la bancada, Agust\u00edn Forchieri, y el presidente de la Comisi\u00f3n de Justicia, Daniel Presti. Tambi\u00e9n los presentes en el acto los legisladores\u00a0 Omar Abboud, Mar\u00eda Luisa Gonz\u00e1lez Estevarena, Paula Villalba y Eduardo Santamarina.<\/p>\n<p>Los oradores enfatizaron las cualidades de Gelli como persona, jurista, autora de libros y ensayos y docente universitaria. Ponderaron que &quot;es muy reconocida por sus pares&quot; y el\u00a0legislador Abboud se\u00f1al\u00f3 tres situaciones en las que intervino Gelli recientemente con gran repercusi\u00f3n p\u00fablica: su intervenci\u00f3n en el Congreso durante la discusi\u00f3n del aborto en comisi\u00f3n, su participaci\u00f3n profesional en el caso de Papel Prensa y sus definiciones jur\u00eddicas sobre los alcances de los fueros parlamentarios.<\/p>\n<p>Trayectoria profesional y acad\u00e9mica<\/p>\n<p>Especialista en Sociolog\u00eda Jur\u00eddica, la Dra. Gelli es abogada egresada de la UBA, acad\u00e9mica de n\u00famero de la Academia Nacional de Ciencias Morales y Pol\u00edticas, donde adem\u00e1s es directora del Instituto de Pol\u00edtica Constitucional. En 2018 fue nombrada conjuez de la Corte Suprema de Justicia de la Naci\u00f3n, por decreto presidencial y con acuerdo del Senado. En 2006 recibi\u00f3 el Premio Konex en Humanidades, diploma al m\u00e9rito en Derecho Constitucional. Es autora de \u201cConstituci\u00f3n de la Naci\u00f3n Argentina Comentada y Concordada\u201d ampliada y actualizada en 2018. Ha publicado, en coautor\u00eda, &quot;Juicio Pol\u00edtico. Garant\u00edas del acusado y garant\u00edas del Poder Judicial frente al poder pol\u00edtico.<\/p>\n<p>La defensa del juez Antonio Boggiano. (2005). \u201cConstituci\u00f3n, Poder Pol\u00edtico y Derechos Humanos. Garant\u00edas constitucionales en el Proceso Penal\u201d (2002)&quot;; &quot;Constituci\u00f3n y Derechos Humanos&quot; (1991); &quot;Ruptura de la legitimidad constitucional &#8211; La Acordada de la Corte Suprema de Justicia de la Naci\u00f3n de 1930&quot; (1988) &quot;Constituci\u00f3n y Poder Pol\u00edtico&quot; (1987).Fue y es profesora de diversas carreras y maestr\u00edas universitarias, integra el Consejo Consultivo de la Asociaci\u00f3n Argentina de Derecho Constitucional y la Asociaci\u00f3n de Mujeres Jueces de la Argentina.<\/p>\n","protected":false},"excerpt":{"rendered":"<p>Por iniciativa de la legisladora L\u00eda Rueda (VJ) y con la aprobaci\u00f3n del cuerpo parlamentario, la abogada y docente universitaria Mar\u00eda Ang\u00e9lica Gelli fue declarada el pasado martes por la noche Ciudadana Ilustre de la Ciudad Aut\u00f3noma de Buenos Aires, en m\u00e9rito a su trayectoria y aportes al estado de derecho. &quot;El derecho es una [&hellip;]<\/p>\n","protected":false},"author":1,"featured_media":3254,"comment_status":"open","ping_status":"open","sticky":false,"template":"","format":"standard","meta":{"_et_pb_use_builder":"","_et_pb_old_content":"","_et_gb_content_width":"","footnotes":""},"categories":[11,33],"tags":[],"class_list":["post-3253","post","type-post","status-publish","format-standard","has-post-thumbnail","hentry","category-ciudad","category-sociedad-y-cultura-2"],"_links":{"self":[{"href":"https:\/\/vocesdebaires.com.ar\/index.php\/wp-json\/wp\/v2\/posts\/3253"}],"collection":[{"href":"https:\/\/vocesdebaires.com.ar\/index.php\/wp-json\/wp\/v2\/posts"}],"about":[{"href":"https:\/\/vocesdebaires.com.ar\/index.php\/wp-json\/wp\/v2\/types\/post"}],"author":[{"embeddable":true,"href":"https:\/\/vocesdebaires.com.ar\/index.php\/wp-json\/wp\/v2\/users\/1"}],"replies":[{"embeddable":true,"href":"https:\/\/vocesdebaires.com.ar\/index.php\/wp-json\/wp\/v2\/comments?post=3253"}],"version-history":[{"count":0,"href":"https:\/\/vocesdebaires.com.ar\/index.php\/wp-json\/wp\/v2\/posts\/3253\/revisions"}],"wp:featuredmedia":[{"embeddable":true,"href":"https:\/\/vocesdebaires.com.ar\/index.php\/wp-json\/wp\/v2\/media\/3254"}],"wp:attachment":[{"href":"https:\/\/vocesdebaires.com.ar\/index.php\/wp-json\/wp\/v2\/media?parent=3253"}],"wp:term":[{"taxonomy":"category","embeddable":true,"href":"https:\/\/vocesdebaires.com.ar\/index.php\/wp-json\/wp\/v2\/categories?post=3253"},{"taxonomy":"post_tag","embeddable":true,"href":"https:\/\/vocesdebaires.com.ar\/index.php\/wp-json\/wp\/v2\/tags?post=3253"}],"curies":[{"name":"wp","href":"https:\/\/api.w.org\/{rel}","templated":true}]}}