{"id":32561,"date":"2021-05-06T00:07:49","date_gmt":"2021-05-06T03:07:49","guid":{"rendered":"https:\/\/vocesdebaires.com.ar\/?p=32561"},"modified":"2021-05-06T00:07:49","modified_gmt":"2021-05-06T03:07:49","slug":"parque-chacabucoclausuran-taller-textil-clandestino-y-explotacion-laboral","status":"publish","type":"post","link":"https:\/\/vocesdebaires.com.ar\/index.php\/2021\/05\/06\/parque-chacabucoclausuran-taller-textil-clandestino-y-explotacion-laboral\/","title":{"rendered":"Parque Chacabuco:Clausuran taller textil clandestino y explotaci\u00f3n laboral"},"content":{"rendered":"<p>La Polic\u00eda de la Ciudad desbarat\u00f3 en las \u00faltimas horas un taller clandestino en el barrio de Parque Chacabuco, y la Justicia dispuso su clausura y determinar si hab\u00eda explotaci\u00f3n laboral de las cinco personas de nacionalidad boliviana halladas en su interior.Personal de la Comisar\u00eda Vecinal 4 B de la Polic\u00eda de la Ciudad, luego de recibir denuncias de vecinos, se acerc\u00f3 a una propiedad ubicada en la avenida Cobo al 800, donde inmediatamente se comprob\u00f3 que hab\u00eda un taller textil ilegal.<\/p>\n<p>Los oficiales observaron a una mujer, de nacionalidad china, que tiraba bolsas de pl\u00e1stico con restos de tela en el interior de un contenedor y, como la persiana estaba abierta, se pudo detectar que en el interior de la propiedad hab\u00eda m\u00e1quinas y rollos de telas. Ante esta situaci\u00f3n, se solicit\u00f3 la presencia de inspectores de la Agencia Gubernamental de Control (AGC) y personal de la Direcci\u00f3n General de Coordinaci\u00f3n Operativa del Ministerio de Justicia y Seguridad, que al ingresar comprobaron que el taller no estaba habilitado.<\/p>\n<p>Dentro del inmueble, los oficiales hallaron a cinco personas de nacionalidad boliviana (tres hombres y dos mujeres), que indicaron que trabajaban de lunes a s\u00e1bados de 7 a 21, y viviendo en la misma habitaci\u00f3n. En la planta baja se observ\u00f3 que confeccionaban diferentes tipos de prendas, contabiliz\u00e1ndose un total de 10 m\u00e1quinas de coser, una lavadora industrial, una planchadora y una caldera.<\/p>\n<p>La Fiscal\u00eda Penal, Contravencional y de Faltas N\u00famero 29, a cargo del Dr. An\u00edbal Brunet, dispuso la clausura del taller y por el testimonio de las personas en el interior, se dio intervenci\u00f3n a la Divisi\u00f3n Delitos de Trata del Departamento de Delitos contra las Personas de la Polic\u00eda de la Ciudad y psic\u00f3logos de Rescate de la Ciudad de Buenos Aires, que evaluaron que si bien la situaci\u00f3n de trabajo era precaria, no se constataron indicios que den lugar al delito de trata dura de explotaci\u00f3n laboral, pese a que hab\u00eda empleados que pernoctaban en el lugar con la amenaza latente de una caldera instalada en forma precaria. Asimismo, se realiz\u00f3 consulta con el Juzgado en lo Criminal y Correccional Federal 8, a cargo del Dr. Marcelo Mart\u00ednez de Giorgi, secretar\u00eda 15 de la Dra. Josefina Hornos. Respecto de la encargada, de nacionalidad china de 65 a\u00f1os, fue notificada sin tomar temperamento respecto de su libertad.<\/p>\n","protected":false},"excerpt":{"rendered":"<p>La Polic\u00eda de la Ciudad desbarat\u00f3 en las \u00faltimas horas un taller clandestino en el barrio de Parque Chacabuco, y la Justicia dispuso su clausura y determinar si hab\u00eda explotaci\u00f3n laboral de las cinco personas de nacionalidad boliviana halladas en su interior.Personal de la Comisar\u00eda Vecinal 4 B de la Polic\u00eda de la Ciudad, luego [&hellip;]<\/p>\n","protected":false},"author":2,"featured_media":32562,"comment_status":"open","ping_status":"open","sticky":false,"template":"","format":"standard","meta":{"_et_pb_use_builder":"","_et_pb_old_content":"","_et_gb_content_width":"","footnotes":""},"categories":[11,32],"tags":[],"class_list":["post-32561","post","type-post","status-publish","format-standard","has-post-thumbnail","hentry","category-ciudad","category-comunas"],"_links":{"self":[{"href":"https:\/\/vocesdebaires.com.ar\/index.php\/wp-json\/wp\/v2\/posts\/32561"}],"collection":[{"href":"https:\/\/vocesdebaires.com.ar\/index.php\/wp-json\/wp\/v2\/posts"}],"about":[{"href":"https:\/\/vocesdebaires.com.ar\/index.php\/wp-json\/wp\/v2\/types\/post"}],"author":[{"embeddable":true,"href":"https:\/\/vocesdebaires.com.ar\/index.php\/wp-json\/wp\/v2\/users\/2"}],"replies":[{"embeddable":true,"href":"https:\/\/vocesdebaires.com.ar\/index.php\/wp-json\/wp\/v2\/comments?post=32561"}],"version-history":[{"count":1,"href":"https:\/\/vocesdebaires.com.ar\/index.php\/wp-json\/wp\/v2\/posts\/32561\/revisions"}],"predecessor-version":[{"id":32563,"href":"https:\/\/vocesdebaires.com.ar\/index.php\/wp-json\/wp\/v2\/posts\/32561\/revisions\/32563"}],"wp:featuredmedia":[{"embeddable":true,"href":"https:\/\/vocesdebaires.com.ar\/index.php\/wp-json\/wp\/v2\/media\/32562"}],"wp:attachment":[{"href":"https:\/\/vocesdebaires.com.ar\/index.php\/wp-json\/wp\/v2\/media?parent=32561"}],"wp:term":[{"taxonomy":"category","embeddable":true,"href":"https:\/\/vocesdebaires.com.ar\/index.php\/wp-json\/wp\/v2\/categories?post=32561"},{"taxonomy":"post_tag","embeddable":true,"href":"https:\/\/vocesdebaires.com.ar\/index.php\/wp-json\/wp\/v2\/tags?post=32561"}],"curies":[{"name":"wp","href":"https:\/\/api.w.org\/{rel}","templated":true}]}}