{"id":32579,"date":"2021-05-07T12:36:29","date_gmt":"2021-05-07T15:36:29","guid":{"rendered":"https:\/\/vocesdebaires.com.ar\/?p=32579"},"modified":"2021-05-07T12:36:29","modified_gmt":"2021-05-07T15:36:29","slug":"ciudadbarrio-31-desbaratan-bunker-de-cocaina-y-marihuana","status":"publish","type":"post","link":"https:\/\/vocesdebaires.com.ar\/index.php\/2021\/05\/07\/ciudadbarrio-31-desbaratan-bunker-de-cocaina-y-marihuana\/","title":{"rendered":"Ciudad:Barrio 31 desbaratan bunker de coca\u00edna y marihuana"},"content":{"rendered":"<p>Dos oficiales pertenecientes al departamento de Protecci\u00f3n Barrial divisi\u00f3n Barrio 31 y 31-bis, de la Polic\u00eda de la Ciudad, se encontraban realizando un recorrido preventivo por el barrio, cuando observaron a un hombre en el momento justo que guardaba un arma entre sus ropas, a la altura de la cintura, por lo cual de inmediato y con las precauciones del caso le fue impartida la voz de alto, y el sospechoso comenz\u00f3 a correr. Los efectivos iniciaron la persecuci\u00f3n a pie por los pasillos del barrio, discretamente pero sin perderlo de vista, y cuando el fugitivo crey\u00f3 haberlos evadido, subi\u00f3 una escalera caracol y se ocult\u00f3 en el interior de una casa, en donde instantes despu\u00e9s fue reducido por el personal de la Polic\u00eda de la Ciudad.<\/p>\n<p>El delincuente, un hombre de 26 a\u00f1os, ten\u00eda en la cintura un rev\u00f3lver Smith &amp; Wesson calibre 32 con 6 balas en el tambor, y tras una requisa del lugar se comprob\u00f3 que se trataba de un b\u00fanker de drogas, logr\u00e1ndose el secuestro de una bolsa con 27 gramos de coca\u00edna y 137 dosis fraccionadas de la droga, 1,060 kilogramos de marihuana con 716 envoltorios, una caja de municiones calibre 32 con 14 balas, un equipo de radiocomunicaci\u00f3n, un tel\u00e9fono celular, dos cuchillos y un afilador, una tijera, un reloj y $44.450 en billetes de variada denominaci\u00f3n.<\/p>\n<p>Una vez asegurado el procedimiento, el detenido fue trasladado a la alcaid\u00eda y puesto a disposici\u00f3n de la Fiscal\u00eda Penal, Contravencional y de Faltas 13, a cargo de la Dra. Andrea Scanga, secretar\u00eda del Dr. Santiago Almeida, comprob\u00e1ndose adem\u00e1s que ya registraba antecedentes con fecha 12 de febrero de este a\u00f1o, en la misma divisi\u00f3n de Protecci\u00f3n Barrial, por infracci\u00f3n a la Ley de Drogas, con actuaciones en la Comisar\u00eda Vecinal 1A de la Polic\u00eda de la Ciudad.<\/p>\n","protected":false},"excerpt":{"rendered":"<p>Dos oficiales pertenecientes al departamento de Protecci\u00f3n Barrial divisi\u00f3n Barrio 31 y 31-bis, de la Polic\u00eda de la Ciudad, se encontraban realizando un recorrido preventivo por el barrio, cuando observaron a un hombre en el momento justo que guardaba un arma entre sus ropas, a la altura de la cintura, por lo cual de inmediato [&hellip;]<\/p>\n","protected":false},"author":3,"featured_media":32580,"comment_status":"open","ping_status":"open","sticky":false,"template":"","format":"standard","meta":{"_et_pb_use_builder":"","_et_pb_old_content":"","_et_gb_content_width":"","footnotes":""},"categories":[32,33],"tags":[],"class_list":["post-32579","post","type-post","status-publish","format-standard","has-post-thumbnail","hentry","category-comunas","category-sociedad-y-cultura-2"],"_links":{"self":[{"href":"https:\/\/vocesdebaires.com.ar\/index.php\/wp-json\/wp\/v2\/posts\/32579"}],"collection":[{"href":"https:\/\/vocesdebaires.com.ar\/index.php\/wp-json\/wp\/v2\/posts"}],"about":[{"href":"https:\/\/vocesdebaires.com.ar\/index.php\/wp-json\/wp\/v2\/types\/post"}],"author":[{"embeddable":true,"href":"https:\/\/vocesdebaires.com.ar\/index.php\/wp-json\/wp\/v2\/users\/3"}],"replies":[{"embeddable":true,"href":"https:\/\/vocesdebaires.com.ar\/index.php\/wp-json\/wp\/v2\/comments?post=32579"}],"version-history":[{"count":1,"href":"https:\/\/vocesdebaires.com.ar\/index.php\/wp-json\/wp\/v2\/posts\/32579\/revisions"}],"predecessor-version":[{"id":32581,"href":"https:\/\/vocesdebaires.com.ar\/index.php\/wp-json\/wp\/v2\/posts\/32579\/revisions\/32581"}],"wp:featuredmedia":[{"embeddable":true,"href":"https:\/\/vocesdebaires.com.ar\/index.php\/wp-json\/wp\/v2\/media\/32580"}],"wp:attachment":[{"href":"https:\/\/vocesdebaires.com.ar\/index.php\/wp-json\/wp\/v2\/media?parent=32579"}],"wp:term":[{"taxonomy":"category","embeddable":true,"href":"https:\/\/vocesdebaires.com.ar\/index.php\/wp-json\/wp\/v2\/categories?post=32579"},{"taxonomy":"post_tag","embeddable":true,"href":"https:\/\/vocesdebaires.com.ar\/index.php\/wp-json\/wp\/v2\/tags?post=32579"}],"curies":[{"name":"wp","href":"https:\/\/api.w.org\/{rel}","templated":true}]}}