{"id":32586,"date":"2021-05-07T12:42:53","date_gmt":"2021-05-07T15:42:53","guid":{"rendered":"https:\/\/vocesdebaires.com.ar\/?p=32586"},"modified":"2021-05-07T12:42:53","modified_gmt":"2021-05-07T15:42:53","slug":"caballitodetuvieron-delincuentes-que-robaban-en-la-via-publica","status":"publish","type":"post","link":"https:\/\/vocesdebaires.com.ar\/index.php\/2021\/05\/07\/caballitodetuvieron-delincuentes-que-robaban-en-la-via-publica\/","title":{"rendered":"Caballito:Detuvieron delincuentes que robaban en la v\u00eda p\u00fablica"},"content":{"rendered":"<p>La Polic\u00eda de la Ciudad detuvo en las \u00faltimas horas a dos delincuentes de 39 y 25 a\u00f1os que le hab\u00edan robado sus pertenencias a una mujer en la v\u00eda p\u00fablica, en el barrio de Caballito.<br \/>\nPersonal de la Divisi\u00f3n Sumarios y Brigadas de Prevenci\u00f3n de la Comisar\u00eda Comunal 6 de la Polic\u00eda de la Ciudad, que se encontraba recorriendo la zona en prevenci\u00f3n de il\u00edcitos, observ\u00f3 a dos sospechosos que merodeaban los comercios sobre la avenida Rivadavia.<\/p>\n<p>La actitud de los individuos llam\u00f3 la atenci\u00f3n de los oficiales, que decidieron seguirlos y fue entonces que los vieron en la avenida Acoyte al 100 cuando uno de ellos se par\u00f3 detr\u00e1s de la v\u00edctima mientras que el segundo le robaba las pertenencias que la mujer ten\u00eda en una bolsa. R\u00e1pidamente, los polic\u00edas procedieron a detener a los delincuentes, que fueron trasladados a la comisar\u00eda correspondiente, donde se labraron actuaciones por \u201cTentativa de Robo en Flagrancia\u201d. El caso qued\u00f3 a cargo de la Fiscal\u00eda Criminal y Correccional N\u00famero 19, a cargo del doctor Gonz\u00e1lez y ante la Secretar\u00eda \u00danica de la doctora Capaldo.<\/p>\n","protected":false},"excerpt":{"rendered":"<p>La Polic\u00eda de la Ciudad detuvo en las \u00faltimas horas a dos delincuentes de 39 y 25 a\u00f1os que le hab\u00edan robado sus pertenencias a una mujer en la v\u00eda p\u00fablica, en el barrio de Caballito. Personal de la Divisi\u00f3n Sumarios y Brigadas de Prevenci\u00f3n de la Comisar\u00eda Comunal 6 de la Polic\u00eda de la [&hellip;]<\/p>\n","protected":false},"author":2,"featured_media":32587,"comment_status":"open","ping_status":"open","sticky":false,"template":"","format":"standard","meta":{"_et_pb_use_builder":"","_et_pb_old_content":"","_et_gb_content_width":"","footnotes":""},"categories":[32,33],"tags":[],"class_list":["post-32586","post","type-post","status-publish","format-standard","has-post-thumbnail","hentry","category-comunas","category-sociedad-y-cultura-2"],"_links":{"self":[{"href":"https:\/\/vocesdebaires.com.ar\/index.php\/wp-json\/wp\/v2\/posts\/32586"}],"collection":[{"href":"https:\/\/vocesdebaires.com.ar\/index.php\/wp-json\/wp\/v2\/posts"}],"about":[{"href":"https:\/\/vocesdebaires.com.ar\/index.php\/wp-json\/wp\/v2\/types\/post"}],"author":[{"embeddable":true,"href":"https:\/\/vocesdebaires.com.ar\/index.php\/wp-json\/wp\/v2\/users\/2"}],"replies":[{"embeddable":true,"href":"https:\/\/vocesdebaires.com.ar\/index.php\/wp-json\/wp\/v2\/comments?post=32586"}],"version-history":[{"count":1,"href":"https:\/\/vocesdebaires.com.ar\/index.php\/wp-json\/wp\/v2\/posts\/32586\/revisions"}],"predecessor-version":[{"id":32588,"href":"https:\/\/vocesdebaires.com.ar\/index.php\/wp-json\/wp\/v2\/posts\/32586\/revisions\/32588"}],"wp:featuredmedia":[{"embeddable":true,"href":"https:\/\/vocesdebaires.com.ar\/index.php\/wp-json\/wp\/v2\/media\/32587"}],"wp:attachment":[{"href":"https:\/\/vocesdebaires.com.ar\/index.php\/wp-json\/wp\/v2\/media?parent=32586"}],"wp:term":[{"taxonomy":"category","embeddable":true,"href":"https:\/\/vocesdebaires.com.ar\/index.php\/wp-json\/wp\/v2\/categories?post=32586"},{"taxonomy":"post_tag","embeddable":true,"href":"https:\/\/vocesdebaires.com.ar\/index.php\/wp-json\/wp\/v2\/tags?post=32586"}],"curies":[{"name":"wp","href":"https:\/\/api.w.org\/{rel}","templated":true}]}}