{"id":32608,"date":"2021-05-10T00:00:59","date_gmt":"2021-05-10T03:00:59","guid":{"rendered":"https:\/\/vocesdebaires.com.ar\/?p=32608"},"modified":"2021-05-09T23:14:51","modified_gmt":"2021-05-10T02:14:51","slug":"palermo-detenidos-por-realizar-una-fiesta-clandestina","status":"publish","type":"post","link":"https:\/\/vocesdebaires.com.ar\/index.php\/2021\/05\/10\/palermo-detenidos-por-realizar-una-fiesta-clandestina\/","title":{"rendered":"Palermo: Detenidos por realizar una fiesta clandestina"},"content":{"rendered":"<p>La Polic\u00eda de la Ciudad detuvo en las \u00faltimas horas a dos hombres de 43 y 48 a\u00f1os por ser los organizadores de una fiesta clandestina que se realiz\u00f3 en un local del barrio de Palermo, que tuvo la participaci\u00f3n de alrededor de 40 personas.Personal de la Divisi\u00f3n Operaciones Especiales Requeridas por el Ministerio P\u00fablico Fiscal, del Departamento Contravenciones y Faltas de la Polic\u00eda de la Ciudad, se desplaz\u00f3 junto al Cuerpo de Investigaciones Judiciales (CIJ), la Agencia Gubernamental de Control (AGC) y la Direcci\u00f3n General de Fiscalizaci\u00f3n y Control del Gobierno de la Ciudad (DGFyC) a un local comercial con el nombre \u00abCarnal\u00bb, ubicado en la calle Niceto Vega al 5500.<\/p>\n<p>Al ingresar, los efectivos observaron a 40 personas en un primer piso y con m\u00fasica a alto nivel, infringiendo el decreto presidencial de restricci\u00f3n nocturna, dictado para frenar la propagaci\u00f3n de contagios de Coronavirus. En consecuencia, el magistrado actuante orden\u00f3 que a todos los presentes se les haga el acta contravencional por infracci\u00f3n al Art\u00edculo 205 del C\u00f3digo Penal.<br \/>\nA los due\u00f1os del local tambi\u00e9n se les labr\u00f3 una infracci\u00f3n al Art\u00edculo 129 por Encubrimiento de Actividad de Baile.<\/p>\n<p>Adem\u00e1s, se procedi\u00f3 a secuestrar un parlante con potencia, dos bandejas de DJ, un mezclador de sonido y un control de iluminaci\u00f3n de luces de sal\u00f3n. Intervino la Fiscal\u00eda Penal, Contravencional y de Faltas N\u00famero 5, a cargo del doctor Kessler, quien aval\u00f3 lo actuado y dispuso la clausura y tapiado del local por parte de la AGC. Adem\u00e1s, los dos imputados fueron trasladados a la dependencia policial en car\u00e1cter de comunicados. Se logr\u00f3 desbaratar esta fiesta clandestina debido a una investigaci\u00f3n previa del CIJ.<\/p>\n","protected":false},"excerpt":{"rendered":"<p>La Polic\u00eda de la Ciudad detuvo en las \u00faltimas horas a dos hombres de 43 y 48 a\u00f1os por ser los organizadores de una fiesta clandestina que se realiz\u00f3 en un local del barrio de Palermo, que tuvo la participaci\u00f3n de alrededor de 40 personas.Personal de la Divisi\u00f3n Operaciones Especiales Requeridas por el Ministerio P\u00fablico [&hellip;]<\/p>\n","protected":false},"author":2,"featured_media":32609,"comment_status":"open","ping_status":"open","sticky":false,"template":"","format":"standard","meta":{"_et_pb_use_builder":"","_et_pb_old_content":"","_et_gb_content_width":"","footnotes":""},"categories":[32,33],"tags":[],"class_list":["post-32608","post","type-post","status-publish","format-standard","has-post-thumbnail","hentry","category-comunas","category-sociedad-y-cultura-2"],"_links":{"self":[{"href":"https:\/\/vocesdebaires.com.ar\/index.php\/wp-json\/wp\/v2\/posts\/32608"}],"collection":[{"href":"https:\/\/vocesdebaires.com.ar\/index.php\/wp-json\/wp\/v2\/posts"}],"about":[{"href":"https:\/\/vocesdebaires.com.ar\/index.php\/wp-json\/wp\/v2\/types\/post"}],"author":[{"embeddable":true,"href":"https:\/\/vocesdebaires.com.ar\/index.php\/wp-json\/wp\/v2\/users\/2"}],"replies":[{"embeddable":true,"href":"https:\/\/vocesdebaires.com.ar\/index.php\/wp-json\/wp\/v2\/comments?post=32608"}],"version-history":[{"count":1,"href":"https:\/\/vocesdebaires.com.ar\/index.php\/wp-json\/wp\/v2\/posts\/32608\/revisions"}],"predecessor-version":[{"id":32610,"href":"https:\/\/vocesdebaires.com.ar\/index.php\/wp-json\/wp\/v2\/posts\/32608\/revisions\/32610"}],"wp:featuredmedia":[{"embeddable":true,"href":"https:\/\/vocesdebaires.com.ar\/index.php\/wp-json\/wp\/v2\/media\/32609"}],"wp:attachment":[{"href":"https:\/\/vocesdebaires.com.ar\/index.php\/wp-json\/wp\/v2\/media?parent=32608"}],"wp:term":[{"taxonomy":"category","embeddable":true,"href":"https:\/\/vocesdebaires.com.ar\/index.php\/wp-json\/wp\/v2\/categories?post=32608"},{"taxonomy":"post_tag","embeddable":true,"href":"https:\/\/vocesdebaires.com.ar\/index.php\/wp-json\/wp\/v2\/tags?post=32608"}],"curies":[{"name":"wp","href":"https:\/\/api.w.org\/{rel}","templated":true}]}}