{"id":3261,"date":"2019-04-10T03:00:00","date_gmt":"2019-04-10T06:00:00","guid":{"rendered":"http:\/\/vocesdebaires.com.ar\/wordpress\/index.php\/2019\/04\/10\/veda-por-poda-en-las-comunas-portenas\/"},"modified":"2019-04-10T03:00:00","modified_gmt":"2019-04-10T06:00:00","slug":"veda-por-poda-en-las-comunas-portenas","status":"publish","type":"post","link":"https:\/\/vocesdebaires.com.ar\/index.php\/2019\/04\/10\/veda-por-poda-en-las-comunas-portenas\/","title":{"rendered":"Veda por poda en las Comunas porte\u00f1as"},"content":{"rendered":"<p>Veda primaveral :\u00bfQu\u00e9 es la veda de poda?&#8230;La veda de poda es un per\u00edodo en el que se frenan las tareas de poda para preservar la salud de los \u00e1rboles. En esta oportunidad &#8211; ya que existen dos per\u00edodos de veda &#8211; se inicia en el momento en que los \u00e1rboles est\u00e1n en activo crecimiento dando comienzo a la brotaci\u00f3n de hojas y flores. Si el \u00e1rbol fuese podado en esta instancia, perder\u00eda innecesariamente las sustancias de reserva que posibilitan el desarrollo de esta importante y fundamental etapa biol\u00f3gica que posibilita la continuidad del crecimiento y desarrollo del ejemplar, debilit\u00e1ndolo, lo que adem\u00e1s podr\u00eda llegar a disminuir la vida \u00fatil del mismo. Es necesario no realizar intervenci\u00f3n de poda para no interrumpir este proceso y as\u00ed lograr que los \u00e1rboles crezcan sanos y fuertes.<\/p>\n<p>\u00bfQu\u00e9 tipo de poda contin\u00faa?&#8230;Como la seguridad es prioridad siempre, durante este per\u00edodo se efectuar\u00e1n tareas de despeje de c\u00e1maras y luminarias &#8211; que son podas menores &#8211; e intervenciones de \u00e1rboles que presenten situaciones de riesgo.Una vez que finalice el per\u00edodo de crecimiento del \u00e1rbol, que es cuando el follaje alcanza pleno desarrollo, se levanta la veda y se retoman las tareas en el marco de la denominada poda verde o de verano, donde se realizan intervenciones menores que no afectan sustancialmente al \u00e1rbol ni a su estructura.<\/p>\n","protected":false},"excerpt":{"rendered":"<p>Veda primaveral :\u00bfQu\u00e9 es la veda de poda?&#8230;La veda de poda es un per\u00edodo en el que se frenan las tareas de poda para preservar la salud de los \u00e1rboles. En esta oportunidad &#8211; ya que existen dos per\u00edodos de veda &#8211; se inicia en el momento en que los \u00e1rboles est\u00e1n en activo crecimiento [&hellip;]<\/p>\n","protected":false},"author":1,"featured_media":3262,"comment_status":"open","ping_status":"open","sticky":false,"template":"","format":"standard","meta":{"_et_pb_use_builder":"","_et_pb_old_content":"","_et_gb_content_width":"","footnotes":""},"categories":[11,32],"tags":[],"class_list":["post-3261","post","type-post","status-publish","format-standard","has-post-thumbnail","hentry","category-ciudad","category-comunas"],"_links":{"self":[{"href":"https:\/\/vocesdebaires.com.ar\/index.php\/wp-json\/wp\/v2\/posts\/3261"}],"collection":[{"href":"https:\/\/vocesdebaires.com.ar\/index.php\/wp-json\/wp\/v2\/posts"}],"about":[{"href":"https:\/\/vocesdebaires.com.ar\/index.php\/wp-json\/wp\/v2\/types\/post"}],"author":[{"embeddable":true,"href":"https:\/\/vocesdebaires.com.ar\/index.php\/wp-json\/wp\/v2\/users\/1"}],"replies":[{"embeddable":true,"href":"https:\/\/vocesdebaires.com.ar\/index.php\/wp-json\/wp\/v2\/comments?post=3261"}],"version-history":[{"count":0,"href":"https:\/\/vocesdebaires.com.ar\/index.php\/wp-json\/wp\/v2\/posts\/3261\/revisions"}],"wp:featuredmedia":[{"embeddable":true,"href":"https:\/\/vocesdebaires.com.ar\/index.php\/wp-json\/wp\/v2\/media\/3262"}],"wp:attachment":[{"href":"https:\/\/vocesdebaires.com.ar\/index.php\/wp-json\/wp\/v2\/media?parent=3261"}],"wp:term":[{"taxonomy":"category","embeddable":true,"href":"https:\/\/vocesdebaires.com.ar\/index.php\/wp-json\/wp\/v2\/categories?post=3261"},{"taxonomy":"post_tag","embeddable":true,"href":"https:\/\/vocesdebaires.com.ar\/index.php\/wp-json\/wp\/v2\/tags?post=3261"}],"curies":[{"name":"wp","href":"https:\/\/api.w.org\/{rel}","templated":true}]}}