{"id":32621,"date":"2021-05-10T00:00:28","date_gmt":"2021-05-10T03:00:28","guid":{"rendered":"https:\/\/vocesdebaires.com.ar\/?p=32621"},"modified":"2021-05-09T23:31:08","modified_gmt":"2021-05-10T02:31:08","slug":"ciudad-areas-peatonales-transitoriasubicaciones-y-horarios","status":"publish","type":"post","link":"https:\/\/vocesdebaires.com.ar\/index.php\/2021\/05\/10\/ciudad-areas-peatonales-transitoriasubicaciones-y-horarios\/","title":{"rendered":"Ciudad Areas peatonales transitorias:Ubicaciones y horarios"},"content":{"rendered":"<p>Desde septiembre del a\u00f1o pasado el Ministerio de Espacio P\u00fablico e Higiene Urbana viene generando \u00e1reas peatonales transitorias ubicadas en Retiro, San Telmo, San Nicol\u00e1s, Recoleta, Almagro, Balvanera, La Boca, Boedo, Parque Chacabuco, Villa Riachuelo, Liniers, Villa Luro, Floresta, Villa Devoto, Villa Urquiza, Belgrano, Palermo y Chacarita. Se trata de calles cortadas al tr\u00e1nsito vehicular y con demarcaciones especiales para que los vecinos y las vecinas puedan caminar al aire libre o sentarse a comer respetando el distanciamiento y cumpliendo los protocolos de seguridad. Conoc\u00e9 las ubicaciones y horarios.<\/p>\n<p>Las \u00e1reas peatonales transitorias son \u00e1reas de usos m\u00faltiples que intervienen el espacio p\u00fablico para que las personas puedan circular, permanecer y\/o disfrutar respetando el distanciamiento social. Cada \u00e1rea cuenta con una cabina sanitizante, estar\u00e1 cortada al tr\u00e1nsito vehicular y demarcada especialmente para que puedan caminar al aire libre, con el objetivo de acompa\u00f1ar el transito de los vecinos y vecinas por una Ciudad m\u00e1s cuidada y segura. De esta manera tambi\u00e9n se evita la sobrecarga del transporte p\u00fablico de autom\u00f3viles particulares y se consolida un cambio urbano y cultural que estaba en proceso.<\/p>\n<p>El espacio p\u00fablico de nuestra Ciudad se est\u00e1 transformando para ser cada vez m\u00e1s cercano, seguro y sustentable. Por eso, implementamos \u00e1reas peatonales transitorias, lo mismo que bares notables con espacios para mesas en calles linderas; y readaptamos Corrientes peatonal para que los vecinos y vecinas puedan ir a caminar o sentarse a comer o tomar algo respetando las marcas de se\u00f1alizaci\u00f3n que hay en los espacios, usando tapabocas cuando no est\u00e1s tomando o comiendo, manteniendo la distancia de 2 metros y lav\u00e1ndose las manos con frecuencia. As\u00ed podemos salir y disfrutar.<\/p>\n","protected":false},"excerpt":{"rendered":"<p>Desde septiembre del a\u00f1o pasado el Ministerio de Espacio P\u00fablico e Higiene Urbana viene generando \u00e1reas peatonales transitorias ubicadas en Retiro, San Telmo, San Nicol\u00e1s, Recoleta, Almagro, Balvanera, La Boca, Boedo, Parque Chacabuco, Villa Riachuelo, Liniers, Villa Luro, Floresta, Villa Devoto, Villa Urquiza, Belgrano, Palermo y Chacarita. Se trata de calles cortadas al tr\u00e1nsito vehicular [&hellip;]<\/p>\n","protected":false},"author":3,"featured_media":32622,"comment_status":"open","ping_status":"open","sticky":false,"template":"","format":"standard","meta":{"_et_pb_use_builder":"","_et_pb_old_content":"","_et_gb_content_width":"","footnotes":""},"categories":[32,33],"tags":[],"class_list":["post-32621","post","type-post","status-publish","format-standard","has-post-thumbnail","hentry","category-comunas","category-sociedad-y-cultura-2"],"_links":{"self":[{"href":"https:\/\/vocesdebaires.com.ar\/index.php\/wp-json\/wp\/v2\/posts\/32621"}],"collection":[{"href":"https:\/\/vocesdebaires.com.ar\/index.php\/wp-json\/wp\/v2\/posts"}],"about":[{"href":"https:\/\/vocesdebaires.com.ar\/index.php\/wp-json\/wp\/v2\/types\/post"}],"author":[{"embeddable":true,"href":"https:\/\/vocesdebaires.com.ar\/index.php\/wp-json\/wp\/v2\/users\/3"}],"replies":[{"embeddable":true,"href":"https:\/\/vocesdebaires.com.ar\/index.php\/wp-json\/wp\/v2\/comments?post=32621"}],"version-history":[{"count":1,"href":"https:\/\/vocesdebaires.com.ar\/index.php\/wp-json\/wp\/v2\/posts\/32621\/revisions"}],"predecessor-version":[{"id":32623,"href":"https:\/\/vocesdebaires.com.ar\/index.php\/wp-json\/wp\/v2\/posts\/32621\/revisions\/32623"}],"wp:featuredmedia":[{"embeddable":true,"href":"https:\/\/vocesdebaires.com.ar\/index.php\/wp-json\/wp\/v2\/media\/32622"}],"wp:attachment":[{"href":"https:\/\/vocesdebaires.com.ar\/index.php\/wp-json\/wp\/v2\/media?parent=32621"}],"wp:term":[{"taxonomy":"category","embeddable":true,"href":"https:\/\/vocesdebaires.com.ar\/index.php\/wp-json\/wp\/v2\/categories?post=32621"},{"taxonomy":"post_tag","embeddable":true,"href":"https:\/\/vocesdebaires.com.ar\/index.php\/wp-json\/wp\/v2\/tags?post=32621"}],"curies":[{"name":"wp","href":"https:\/\/api.w.org\/{rel}","templated":true}]}}