{"id":32625,"date":"2021-05-11T00:00:33","date_gmt":"2021-05-11T03:00:33","guid":{"rendered":"https:\/\/vocesdebaires.com.ar\/?p=32625"},"modified":"2021-05-10T18:49:20","modified_gmt":"2021-05-10T21:49:20","slug":"balvanera-clausura-locales-y-secuestran-150-celulares","status":"publish","type":"post","link":"https:\/\/vocesdebaires.com.ar\/index.php\/2021\/05\/11\/balvanera-clausura-locales-y-secuestran-150-celulares\/","title":{"rendered":"Balvanera: Clausura locales y secuestran 150 celulares"},"content":{"rendered":"<p>Personal de la Divisi\u00f3n Operaciones Especiales Requeridas por el Ministerio P\u00fablico Fiscal de la Polic\u00eda de la Ciudad llev\u00f3 a cabo los procedimientos en comercios de telefon\u00eda ubicados sobre la avenida Pueyrred\u00f3n al 700, avenida Corrientes al 3000 y en la calle Boulogne Sur Mer al 500. Participaron tambi\u00e9n de las inspecciones, personal de la Agencia Gubernamental de Control (AGC) y de la Direcci\u00f3n General de Coordinaci\u00f3n Operativa, dependiente de la Secretar\u00eda de Justicia y Seguridad de la Ciudad.<\/p>\n<p>Como resultado de las mismas, se secuestraron 154 tel\u00e9fonos que no ten\u00edan la documentaci\u00f3n respaldatoria, 3 equipos denunciados por el ENACOM como robados, 27 bater\u00edas, 26 m\u00f3dulos de celular y herramientas para adulterar los dispositivos. De los seis comercios inspeccionados, cinco de ellos ten\u00edan irregularidades, tanto de habilitaci\u00f3n como de equipos adulterados, por lo que la AGC procedi\u00f3 a clausurarlos.<\/p>\n<p>En consecuencia, fueron aprehendidas cinco personas: dos hombres peruanos, un hombre y una mujer argentinos y el restante fue un hombre oriundo de Bangladesh con nacionalidad argentina. Al consultar con el Juzgado Federal N\u00famero 8, a cargo del doctor Marcelo Mart\u00ednez de Giorgi y ante la Secretar\u00eda 15 de la doctora Patricia Lara, se dispuso el secuestro de los celulares y del material encontrado, la clausura de los negocios y la notificaci\u00f3n de las personas responsables por infracci\u00f3n a la Ley de Comunicaciones (25.891).<\/p>\n","protected":false},"excerpt":{"rendered":"<p>Personal de la Divisi\u00f3n Operaciones Especiales Requeridas por el Ministerio P\u00fablico Fiscal de la Polic\u00eda de la Ciudad llev\u00f3 a cabo los procedimientos en comercios de telefon\u00eda ubicados sobre la avenida Pueyrred\u00f3n al 700, avenida Corrientes al 3000 y en la calle Boulogne Sur Mer al 500. Participaron tambi\u00e9n de las inspecciones, personal de la [&hellip;]<\/p>\n","protected":false},"author":3,"featured_media":32626,"comment_status":"open","ping_status":"open","sticky":false,"template":"","format":"standard","meta":{"_et_pb_use_builder":"","_et_pb_old_content":"","_et_gb_content_width":"","footnotes":""},"categories":[32,33],"tags":[],"class_list":["post-32625","post","type-post","status-publish","format-standard","has-post-thumbnail","hentry","category-comunas","category-sociedad-y-cultura-2"],"_links":{"self":[{"href":"https:\/\/vocesdebaires.com.ar\/index.php\/wp-json\/wp\/v2\/posts\/32625"}],"collection":[{"href":"https:\/\/vocesdebaires.com.ar\/index.php\/wp-json\/wp\/v2\/posts"}],"about":[{"href":"https:\/\/vocesdebaires.com.ar\/index.php\/wp-json\/wp\/v2\/types\/post"}],"author":[{"embeddable":true,"href":"https:\/\/vocesdebaires.com.ar\/index.php\/wp-json\/wp\/v2\/users\/3"}],"replies":[{"embeddable":true,"href":"https:\/\/vocesdebaires.com.ar\/index.php\/wp-json\/wp\/v2\/comments?post=32625"}],"version-history":[{"count":1,"href":"https:\/\/vocesdebaires.com.ar\/index.php\/wp-json\/wp\/v2\/posts\/32625\/revisions"}],"predecessor-version":[{"id":32627,"href":"https:\/\/vocesdebaires.com.ar\/index.php\/wp-json\/wp\/v2\/posts\/32625\/revisions\/32627"}],"wp:featuredmedia":[{"embeddable":true,"href":"https:\/\/vocesdebaires.com.ar\/index.php\/wp-json\/wp\/v2\/media\/32626"}],"wp:attachment":[{"href":"https:\/\/vocesdebaires.com.ar\/index.php\/wp-json\/wp\/v2\/media?parent=32625"}],"wp:term":[{"taxonomy":"category","embeddable":true,"href":"https:\/\/vocesdebaires.com.ar\/index.php\/wp-json\/wp\/v2\/categories?post=32625"},{"taxonomy":"post_tag","embeddable":true,"href":"https:\/\/vocesdebaires.com.ar\/index.php\/wp-json\/wp\/v2\/tags?post=32625"}],"curies":[{"name":"wp","href":"https:\/\/api.w.org\/{rel}","templated":true}]}}