{"id":32656,"date":"2021-05-12T00:00:44","date_gmt":"2021-05-12T03:00:44","guid":{"rendered":"https:\/\/vocesdebaires.com.ar\/?p=32656"},"modified":"2021-05-11T22:49:42","modified_gmt":"2021-05-12T01:49:42","slug":"caballitodos-delincuentes-fueron-detenidos-violentando-un-auto","status":"publish","type":"post","link":"https:\/\/vocesdebaires.com.ar\/index.php\/2021\/05\/12\/caballitodos-delincuentes-fueron-detenidos-violentando-un-auto\/","title":{"rendered":"Caballito:Dos delincuentes fueron detenidos violentando un auto"},"content":{"rendered":"<p>El hecho ocurri\u00f3 en la calle Malvinas Argentinas al 100, cuando m\u00f3viles de la Comisar\u00eda Vecinal 6B de la Polic\u00eda de la Ciudad fueron desplazados al lugar, debido a que dos personas se encontraban violentando un VW Bora estacionado en la v\u00eda p\u00fablica. Al llegar, los oficiales observaron a los sospechosos forzando una cerradura del veh\u00edculo con un destornillador, por lo que procedieron a reducirlos, al tiempo que se hizo presente el propietario y refiri\u00f3 que momentos antes, cuando sal\u00eda de su casa, hab\u00eda visto a los delincuentes forzando la puerta trasera izquierda del auto.<\/p>\n<p>A continuaci\u00f3n fueron identificados, trat\u00e1ndose de dos ciudadanos venezolanos de 18 a\u00f1os de edad, y adem\u00e1s del destornillador se les secuestraron dos cajas de empresa de delivery y una moto marca Guerrero, propiedad de uno de los imputados, quien carec\u00eda de licencia de conducir. La Fiscal\u00eda Nacional en lo Criminal y Correccional N\u00b0 19, a cargo de la Dra. Capaldo, secretar\u00eda del Dr. Taboas, dispuso la detenci\u00f3n de ambos y su traslado a la alcaid\u00eda de la jurisdicci\u00f3n, imputados por tentativa de robo en flagrancia.<\/p>\n","protected":false},"excerpt":{"rendered":"<p>El hecho ocurri\u00f3 en la calle Malvinas Argentinas al 100, cuando m\u00f3viles de la Comisar\u00eda Vecinal 6B de la Polic\u00eda de la Ciudad fueron desplazados al lugar, debido a que dos personas se encontraban violentando un VW Bora estacionado en la v\u00eda p\u00fablica. Al llegar, los oficiales observaron a los sospechosos forzando una cerradura del [&hellip;]<\/p>\n","protected":false},"author":2,"featured_media":32657,"comment_status":"open","ping_status":"open","sticky":false,"template":"","format":"standard","meta":{"_et_pb_use_builder":"","_et_pb_old_content":"","_et_gb_content_width":"","footnotes":""},"categories":[11,32],"tags":[],"class_list":["post-32656","post","type-post","status-publish","format-standard","has-post-thumbnail","hentry","category-ciudad","category-comunas"],"_links":{"self":[{"href":"https:\/\/vocesdebaires.com.ar\/index.php\/wp-json\/wp\/v2\/posts\/32656"}],"collection":[{"href":"https:\/\/vocesdebaires.com.ar\/index.php\/wp-json\/wp\/v2\/posts"}],"about":[{"href":"https:\/\/vocesdebaires.com.ar\/index.php\/wp-json\/wp\/v2\/types\/post"}],"author":[{"embeddable":true,"href":"https:\/\/vocesdebaires.com.ar\/index.php\/wp-json\/wp\/v2\/users\/2"}],"replies":[{"embeddable":true,"href":"https:\/\/vocesdebaires.com.ar\/index.php\/wp-json\/wp\/v2\/comments?post=32656"}],"version-history":[{"count":1,"href":"https:\/\/vocesdebaires.com.ar\/index.php\/wp-json\/wp\/v2\/posts\/32656\/revisions"}],"predecessor-version":[{"id":32658,"href":"https:\/\/vocesdebaires.com.ar\/index.php\/wp-json\/wp\/v2\/posts\/32656\/revisions\/32658"}],"wp:featuredmedia":[{"embeddable":true,"href":"https:\/\/vocesdebaires.com.ar\/index.php\/wp-json\/wp\/v2\/media\/32657"}],"wp:attachment":[{"href":"https:\/\/vocesdebaires.com.ar\/index.php\/wp-json\/wp\/v2\/media?parent=32656"}],"wp:term":[{"taxonomy":"category","embeddable":true,"href":"https:\/\/vocesdebaires.com.ar\/index.php\/wp-json\/wp\/v2\/categories?post=32656"},{"taxonomy":"post_tag","embeddable":true,"href":"https:\/\/vocesdebaires.com.ar\/index.php\/wp-json\/wp\/v2\/tags?post=32656"}],"curies":[{"name":"wp","href":"https:\/\/api.w.org\/{rel}","templated":true}]}}