{"id":32692,"date":"2021-05-14T13:24:29","date_gmt":"2021-05-14T16:24:29","guid":{"rendered":"https:\/\/vocesdebaires.com.ar\/?p=32692"},"modified":"2021-05-14T13:24:29","modified_gmt":"2021-05-14T16:24:29","slug":"barrio-de-nunez-detuvieron-ladrones-de-motos-menores-de-edad","status":"publish","type":"post","link":"https:\/\/vocesdebaires.com.ar\/index.php\/2021\/05\/14\/barrio-de-nunez-detuvieron-ladrones-de-motos-menores-de-edad\/","title":{"rendered":"Barrio de N\u00fa\u00f1ez: Detuvieron ladrones de motos, menores de edad"},"content":{"rendered":"<p>La Polic\u00eda de la Ciudad detuvo a dos menores, ambos de 16 a\u00f1os, cuando intentaban robar una moto en N\u00fa\u00f1ez. En horas de la madrugada y ante el llamado de una vecina al 911 que denunciaba la presencia de dos j\u00f3venes intentando sustraer una moto amarrada a un poste en la esquina de la avenida Cabildo y Deheza, personal de la Comisar\u00eda Vecinal 13 B de la Polic\u00eda de la Ciudad fue desplazado de forma inmediata hasta el lugar. Al llegar los efectivos vieron a los j\u00f3venes junto a la motocicleta, quienes al advertir a la patrulla emprendieron un intento de fuga a la carrera siendo capturados tras una persecuci\u00f3n de 150 metros aproximadamente.<\/p>\n<p>Corroboradas las identidades de los ladrones, el operador de turno se\u00f1al\u00f3 que se trataba de dos menores de edad de 16 a\u00f1os.Ante la presencia de testigos, se realiz\u00f3 una requisa sobre las pertenencias encontrando dentro de una mochila una pinza de corte con la que intentaban cortar el amarre de la moto.Realizadas las consultas ante el Juzgado de Menores N\u00b0 4, a cargo del Dr. Alejandro Rodolfo Cilleruello, se dispuso que los menores sean trasladados al Instituto Inchausti; siendo labradas actuaciones por \u00abtentativa de robo de motoveh\u00edculo\u00bb.<\/p>\n","protected":false},"excerpt":{"rendered":"<p>La Polic\u00eda de la Ciudad detuvo a dos menores, ambos de 16 a\u00f1os, cuando intentaban robar una moto en N\u00fa\u00f1ez. En horas de la madrugada y ante el llamado de una vecina al 911 que denunciaba la presencia de dos j\u00f3venes intentando sustraer una moto amarrada a un poste en la esquina de la avenida [&hellip;]<\/p>\n","protected":false},"author":3,"featured_media":32693,"comment_status":"open","ping_status":"open","sticky":false,"template":"","format":"standard","meta":{"_et_pb_use_builder":"","_et_pb_old_content":"","_et_gb_content_width":"","footnotes":""},"categories":[11,32],"tags":[],"class_list":["post-32692","post","type-post","status-publish","format-standard","has-post-thumbnail","hentry","category-ciudad","category-comunas"],"_links":{"self":[{"href":"https:\/\/vocesdebaires.com.ar\/index.php\/wp-json\/wp\/v2\/posts\/32692"}],"collection":[{"href":"https:\/\/vocesdebaires.com.ar\/index.php\/wp-json\/wp\/v2\/posts"}],"about":[{"href":"https:\/\/vocesdebaires.com.ar\/index.php\/wp-json\/wp\/v2\/types\/post"}],"author":[{"embeddable":true,"href":"https:\/\/vocesdebaires.com.ar\/index.php\/wp-json\/wp\/v2\/users\/3"}],"replies":[{"embeddable":true,"href":"https:\/\/vocesdebaires.com.ar\/index.php\/wp-json\/wp\/v2\/comments?post=32692"}],"version-history":[{"count":1,"href":"https:\/\/vocesdebaires.com.ar\/index.php\/wp-json\/wp\/v2\/posts\/32692\/revisions"}],"predecessor-version":[{"id":32694,"href":"https:\/\/vocesdebaires.com.ar\/index.php\/wp-json\/wp\/v2\/posts\/32692\/revisions\/32694"}],"wp:featuredmedia":[{"embeddable":true,"href":"https:\/\/vocesdebaires.com.ar\/index.php\/wp-json\/wp\/v2\/media\/32693"}],"wp:attachment":[{"href":"https:\/\/vocesdebaires.com.ar\/index.php\/wp-json\/wp\/v2\/media?parent=32692"}],"wp:term":[{"taxonomy":"category","embeddable":true,"href":"https:\/\/vocesdebaires.com.ar\/index.php\/wp-json\/wp\/v2\/categories?post=32692"},{"taxonomy":"post_tag","embeddable":true,"href":"https:\/\/vocesdebaires.com.ar\/index.php\/wp-json\/wp\/v2\/tags?post=32692"}],"curies":[{"name":"wp","href":"https:\/\/api.w.org\/{rel}","templated":true}]}}