{"id":327,"date":"2021-01-06T03:00:00","date_gmt":"2021-01-06T06:00:00","guid":{"rendered":"http:\/\/vocesdebaires.com.ar\/wordpress\/index.php\/2021\/01\/06\/entregan-maquinaria-para-la-gestion-de-residuos\/"},"modified":"2021-01-06T03:00:00","modified_gmt":"2021-01-06T06:00:00","slug":"entregan-maquinaria-para-la-gestion-de-residuos","status":"publish","type":"post","link":"https:\/\/vocesdebaires.com.ar\/index.php\/2021\/01\/06\/entregan-maquinaria-para-la-gestion-de-residuos\/","title":{"rendered":"Entregan maquinaria para la gesti\u00f3n de residuos"},"content":{"rendered":"<p>El ministro de Ambiente y Desarrollo Sostenible, concurri\u00f3 al municipio bonaerense de Escobar donde, junto al intendente Ariel Sujarchuk, entreg\u00f3 una serie de equipos para mejorar la higiene urbana y la gesti\u00f3n de residuos local, lo que cont\u00f3 con una inversi\u00f3n total de m\u00e1s de $ 60 millones. Los funcionarios estuvieron acompa\u00f1ados por el secretario de Control y Monitoreo Ambiental de la Naci\u00f3n, Sergio Federovisky.<br \/>Cabandi\u00e9 explic\u00f3 durante la jornada.<\/p>\n<p>\u201cAsumimos una gesti\u00f3n con un car\u00e1cter muy federal y tambi\u00e9n para favorecer a nuestros trabajadoras y trabajadores que m\u00e1s necesitaban el apoyo del Estado\u201d, a la par que record\u00f3 que \u201cun proyecto nacional, popular, que brega por la inclusi\u00f3n social y por la distribuci\u00f3n del ingreso tambi\u00e9n tiene que tener obligatoriamente una mirada ambiental\u201d.<\/p>\n<p>En tal sentido, el ministro nacional agreg\u00f3 que todas las entregas que se realizan en \u201c60 municipios en todo el pa\u00eds\u201d, se llevan a cabo \u201ccon un objetivo claro: ayudar a los municipios con la infraestructura y el equipamiento necesarios para que los recicladores y las recicladoras tengan mejor equipamiento, puedan mejorar la eficiencia y eficacia de su trabajo y para que mejore su ingreso\u201d. A eso sum\u00f3 que la tarea \u201cgenera un ingreso, da dignidad y empleo, que es un objetivo que tenemos\u201d. Finalmente, Cabandi\u00e9 asegur\u00f3 que \u201cEscobar es un ejemplo en el pa\u00eds de ejecuci\u00f3n ambiental\u201d, porque \u201cha hecho de todo en materia ambiental\u201d.<\/p>\n<p>Por su parte, Federovisky se\u00f1al\u00f3: \u201cLo que necesitamos es que municipios como Escobar puedan dar un salto de calidad&quot;, a lo que agreg\u00f3 que eso \u201ctiene que ver con el tratamiento de sus propios residuos, con la obtenci\u00f3n de valor a partir de ellos y con la posibilidad de que tenga una mirada a largo plazo\u201d en la tem\u00e1tica. A su turno, el intendente destac\u00f3 la posibilidad de \u201cterminar el a\u00f1o con semejante aporte del Ministerio y con el compromiso de un ministro que cumple\u201d.<\/p>\n<p>\u201cEsta crisis pand\u00e9mica puso en valor el respeto por el cuidado del ambiente y en un a\u00f1o tan dif\u00edcil, el balance que podemos hacer es que tenemos un Estado presente, que cumple y que trabaj\u00f3 incansablemente\u201d, asegur\u00f3.  Adem\u00e1s, reconoci\u00f3 que \u201cel municipio est\u00e1 comprometido con la pol\u00edtica ambiental\u201d, y afirm\u00f3 que \u201ccon el apoyo del presidente Alberto Fern\u00e1ndez y del ministro Cabandi\u00e9, se pondr\u00e1n todos los esfuerzos necesarios para trabajar en la protecci\u00f3n de los ciudadanos y las ciudadanas y mejorar su calidad de vida\u201d. La entrega total para el municipio incluye elementos como excavadora, pala frontal, cami\u00f3n volcador y otro con caja cerrada, carret\u00f3n, autoelevador, minicargadora, trituradora de vidrio y otra de cascotes, guillotina de neum\u00e1ticos, balanzas de piso y port\u00e1til, puntos verdes m\u00f3viles, enfardadora vertical, chipeadora y una planta de clasificaci\u00f3n.<\/p>\n<p>La presente forma parte de una nueva presencia en el municipio por parte de Cabandi\u00e9, que a lo largo del a\u00f1o visit\u00f3 el distrito en distintas oportunidades para entregar equipamiento para optimizar la log\u00edstica del programa \u201cEscobar Sustentable\u201d, visitar la Cooperativa 18 de abril \u2014a la que la Naci\u00f3n le otorg\u00f3 una compactadora , acompa\u00f1ar a Sujarchuk en la inauguraci\u00f3n del Centro Municipal de Reciclado y Compostaje y participar de la primera sesi\u00f3n verde del Concejo Deliberante, en la que se aprobaron un conjunto de ordenanzas para promover el desarrollo sostenible a nivel local, una de ellas relacionada a la separaci\u00f3n de residuos en origen. Adem\u00e1s, Escobar fue uno de los municipios que recibi\u00f3 kits de insumos de protecci\u00f3n personal para optimizar la tarea de las y los recicladores urbanos, de los 5 mil elementos entregados por Cabandi\u00e9 para 44 localidades de la provincia de Buenos Aires, que contaron con la inversi\u00f3n de m\u00e1s de 118 millones y medio de pesos.<\/p>\n<p>La actividad se realiz\u00f3 en el Centro de Tratamiento y Recuperaci\u00f3n de Residuos S\u00f3lidos Urbanos, en ruta 25 y Ricardo Guiraldes, el que posibilitar\u00e1 la incorporaci\u00f3n de 30 nuevos puestos de trabajo de recicladoras y recicladores. Desde all\u00ed, el ministro y el intendente se dirigieron a una huerta municipal agroecol\u00f3gica de la localidad de Ingeniero Maschwitz, donde saludaron a un grupo de vecinos que realizaron el curso \u201cprotectores ambientales\u201d y brindaron unas palabras en alusi\u00f3n al fin de a\u00f1o. Cabe indicar que el programa de protectores ambientales ya capacit\u00f3 a 300 vecinos.<\/p>\n","protected":false},"excerpt":{"rendered":"<p>El ministro de Ambiente y Desarrollo Sostenible, concurri\u00f3 al municipio bonaerense de Escobar donde, junto al intendente Ariel Sujarchuk, entreg\u00f3 una serie de equipos para mejorar la higiene urbana y la gesti\u00f3n de residuos local, lo que cont\u00f3 con una inversi\u00f3n total de m\u00e1s de $ 60 millones. Los funcionarios estuvieron acompa\u00f1ados por el secretario [&hellip;]<\/p>\n","protected":false},"author":1,"featured_media":328,"comment_status":"open","ping_status":"open","sticky":false,"template":"","format":"standard","meta":{"_et_pb_use_builder":"","_et_pb_old_content":"","_et_gb_content_width":"","footnotes":""},"categories":[34,13],"tags":[],"class_list":["post-327","post","type-post","status-publish","format-standard","has-post-thumbnail","hentry","category-politica","category-provincia"],"_links":{"self":[{"href":"https:\/\/vocesdebaires.com.ar\/index.php\/wp-json\/wp\/v2\/posts\/327"}],"collection":[{"href":"https:\/\/vocesdebaires.com.ar\/index.php\/wp-json\/wp\/v2\/posts"}],"about":[{"href":"https:\/\/vocesdebaires.com.ar\/index.php\/wp-json\/wp\/v2\/types\/post"}],"author":[{"embeddable":true,"href":"https:\/\/vocesdebaires.com.ar\/index.php\/wp-json\/wp\/v2\/users\/1"}],"replies":[{"embeddable":true,"href":"https:\/\/vocesdebaires.com.ar\/index.php\/wp-json\/wp\/v2\/comments?post=327"}],"version-history":[{"count":0,"href":"https:\/\/vocesdebaires.com.ar\/index.php\/wp-json\/wp\/v2\/posts\/327\/revisions"}],"wp:featuredmedia":[{"embeddable":true,"href":"https:\/\/vocesdebaires.com.ar\/index.php\/wp-json\/wp\/v2\/media\/328"}],"wp:attachment":[{"href":"https:\/\/vocesdebaires.com.ar\/index.php\/wp-json\/wp\/v2\/media?parent=327"}],"wp:term":[{"taxonomy":"category","embeddable":true,"href":"https:\/\/vocesdebaires.com.ar\/index.php\/wp-json\/wp\/v2\/categories?post=327"},{"taxonomy":"post_tag","embeddable":true,"href":"https:\/\/vocesdebaires.com.ar\/index.php\/wp-json\/wp\/v2\/tags?post=327"}],"curies":[{"name":"wp","href":"https:\/\/api.w.org\/{rel}","templated":true}]}}